{"id":985,"date":"2018-11-30T15:20:40","date_gmt":"2018-11-30T18:20:40","guid":{"rendered":"https:\/\/www.pgms.salvador.ba.gov.br\/portalpgms\/?p=985"},"modified":"2018-12-06T16:03:09","modified_gmt":"2018-12-06T19:03:09","slug":"prefeitura-inicia-morar-melhor-em-comunidade-carente-na-barra","status":"publish","type":"post","link":"https:\/\/www.pgms.salvador.ba.gov.br\/portalpgms\/blog\/2018\/11\/30\/prefeitura-inicia-morar-melhor-em-comunidade-carente-na-barra\/","title":{"rendered":"Prefeitura inicia Morar Melhor em comunidade carente na Barra"},"content":{"rendered":"<p>Era s\u00f3 chover em Salvador que a cuidadora de crian\u00e7as Ana Paula das Gra\u00e7as, 39 anos, ficava atenta para livrar os m\u00f3veis de casa da \u00e1gua que escorria pela parede e pelo telhado. Hoje, com o sorriso no rosto, comemora o fato de a resid\u00eancia, situada na Ro\u00e7a da Sabina, na Barra, ter ganhado reboco, telhado, pintura e at\u00e9 nova instala\u00e7\u00e3o el\u00e9trica. Tudo isso gratuitamente atrav\u00e9s do programa Morar Melhor. Na manh\u00e3 desta sexta-feira (30), o prefeito ACM Neto esteve na localidade para autorizar a reforma de 190 casas da regi\u00e3o, acrescendo em 40 o n\u00famero de unidades inicialmente previstas no projeto.<\/p>\n<p>\u201cDesde 2013, quando assumi o primeiro mandato, n\u00e3o tive d\u00favidas que a prioridade era destinar recursos \u00e0s \u00e1reas mais pobres, aos programas sociais e para os mais precisam. Por isso, quatro, cinco vezes por semana estou nas ruas olhando de perto os problemas, conversando e ouvindo a vontade dos moradores de Salvador. Foi nesse exerc\u00edcio de ouvir que surgiu o Morar Melhor, um programa que a gente melhora a vida das pessoas sem que elas sejam obrigadas a sair de onde moram\u201d, disse o prefeito.<\/p>\n<p>Durante assinatura da ordem de servi\u00e7o, o prefeito aproveitou para anunciar outras novidades \u00e0 comunidade. A regi\u00e3o ser\u00e1 contemplada com o Casa Legal, programa de regulariza\u00e7\u00e3o habitacional, e com uma academia de gin\u00e1stica. Estiveram presentes tamb\u00e9m na cerim\u00f4nia o secret\u00e1rio municipal de Infraestrutura e Obras P\u00fablicas (Seinfra), Almir Melo, vereadores, gestores, lideran\u00e7as comunit\u00e1rias e a prefeita-mirim Fabiana Pina.<\/p>\n<p>A Ro\u00e7a da Sabina \u00e9 a 22\u00aa localidade beneficiada pelo Morar Melhor esse ano. Desenvolvido por meio da Seinfra, o programa j\u00e1 passou pelos bairros de Alto de Coutos, Castelo Branco, Ribeira (Mangueira), Sete de Abril, Boa Vista de S\u00e3o Caetano, Cosme de Farias, Fazenda Coutos III, Arenoso, Itinga, Daniel Lisboa, Rio Sena, Fazenda Grande do Retiro, Cajazeiras VI, Paripe, Pero Vaz, Caixa D\u2019\u00c1gua, Engenho Velho de Brotas, Engenho Velho da Federa\u00e7\u00e3o e Brotas (Pirangi).<\/p>\n<p>Desde o in\u00edcio da a\u00e7\u00e3o, em 2015, cerca de 21.354 casas foram reformadas em mais de 80 localidades. A meta \u00e9 promover as melhorias em 40 mil moradias at\u00e9 2020.<\/p>\n<p>&nbsp;<\/p>\n<p><em>Fonte: Seinfra<\/em><\/p>\n","protected":false},"excerpt":{"rendered":"<p>Era s\u00f3 chover em Salvador que a cuidadora de crian\u00e7as Ana Paula das Gra\u00e7as, 39 anos, ficava atenta para livrar os m\u00f3veis de casa da \u00e1gua que escorria pela parede e pelo telhado. Hoje, com o sorriso no rosto, comemora o fato de a resid\u00eancia,&#8230;<\/p>\n","protected":false},"author":6,"featured_media":0,"comment_status":"open","ping_status":"open","sticky":false,"template":"","format":"standard","meta":{"footnotes":""},"categories":[173],"tags":[175,176,174],"class_list":["post-985","post","type-post","status-publish","format-standard","hentry","category-moradia","tag-moradia","tag-morar-melhor","tag-reforma"],"_links":{"self":[{"href":"https:\/\/www.pgms.salvador.ba.gov.br\/portalpgms\/wp-json\/wp\/v2\/posts\/985","targetHints":{"allow":["GET"]}}],"collection":[{"href":"https:\/\/www.pgms.salvador.ba.gov.br\/portalpgms\/wp-json\/wp\/v2\/posts"}],"about":[{"href":"https:\/\/www.pgms.salvador.ba.gov.br\/portalpgms\/wp-json\/wp\/v2\/types\/post"}],"author":[{"embeddable":true,"href":"https:\/\/www.pgms.salvador.ba.gov.br\/portalpgms\/wp-json\/wp\/v2\/users\/6"}],"replies":[{"embeddable":true,"href":"https:\/\/www.pgms.salvador.ba.gov.br\/portalpgms\/wp-json\/wp\/v2\/comments?post=985"}],"version-history":[{"count":2,"href":"https:\/\/www.pgms.salvador.ba.gov.br\/portalpgms\/wp-json\/wp\/v2\/posts\/985\/revisions"}],"predecessor-version":[{"id":997,"href":"https:\/\/www.pgms.salvador.ba.gov.br\/portalpgms\/wp-json\/wp\/v2\/posts\/985\/revisions\/997"}],"wp:attachment":[{"href":"https:\/\/www.pgms.salvador.ba.gov.br\/portalpgms\/wp-json\/wp\/v2\/media?parent=985"}],"wp:term":[{"taxonomy":"category","embeddable":true,"href":"https:\/\/www.pgms.salvador.ba.gov.br\/portalpgms\/wp-json\/wp\/v2\/categories?post=985"},{"taxonomy":"post_tag","embeddable":true,"href":"https:\/\/www.pgms.salvador.ba.gov.br\/portalpgms\/wp-json\/wp\/v2\/tags?post=985"}],"curies":[{"name":"wp","href":"https:\/\/api.w.org\/{rel}","templated":true}]}}