{"id":834,"date":"2018-11-28T17:16:03","date_gmt":"2018-11-28T20:16:03","guid":{"rendered":"https:\/\/www.pgms.salvador.ba.gov.br\/portalpgms\/?p=834"},"modified":"2018-12-05T23:27:05","modified_gmt":"2018-12-06T02:27:05","slug":"servidores-participam-de-encontro-municipal-de-combate-ao-racismo-institucional","status":"publish","type":"post","link":"https:\/\/www.pgms.salvador.ba.gov.br\/portalpgms\/blog\/2018\/11\/28\/servidores-participam-de-encontro-municipal-de-combate-ao-racismo-institucional\/","title":{"rendered":"Servidores participam de Encontro Municipal de Combate ao Racismo Institucional"},"content":{"rendered":"<p>Na manh\u00e3 desta quarta-feira (28), ocorreu o Encontro Municipal de Combate ao Racismo Institucional. Promovido pela Secretaria Municipal da Repara\u00e7\u00e3o (SEMUR) em conjunto com o Programa de Combate ao Racismo Institucional (PCRI), o evento aconteceu no Hotel Quality e contou com a presen\u00e7a de cerca de 300 servidores(as), colaboradores(as) e estagi\u00e1rios(as) de todos os 27 \u00f3rg\u00e3os da Prefeitura Municipal de Salvador (PMS).<\/p>\n<p>O evento que acontece anualmente, nesta edi\u00e7\u00e3o foi marcado pelo tema &#8220;Enfrentamento ao Racismo Institucional com foco na gera\u00e7\u00e3o de oportunidades para a juventude negra&#8221;, teve o intuito de qualificar os funcion\u00e1rios municipais quanto \u00e0 tem\u00e1tica e celebrar as metas alcan\u00e7adas. A abertura ficou por conta da Coordenadora de Repara\u00e7\u00e3o e Promo\u00e7\u00e3o da Igualdade Racial, Oilda Rejane, que na ocasi\u00e3o anunciou aos presentes, o resultado das a\u00e7\u00f5es de combate ao racismo e o acompanhamento que vem sendo realizado junto \u00e0 Funda\u00e7\u00e3o Cidade-M\u00e3e e Sub\u00farbio 360.<\/p>\n<div id=\"attachment_399\" style=\"width: 650px\" class=\"wp-caption aligncenter\"><img loading=\"lazy\" decoding=\"async\" aria-describedby=\"caption-attachment-399\" class=\"size-medium wp-image-399\" src=\"https:\/\/www.pgms.salvador.ba.gov.br\/portalpgms\/intranet\/wp-content\/uploads\/sites\/2\/2018\/11\/encontro-municipal-10-e1543864417337-640x327.png\" alt=\"Adolescentes da Funda\u00e7\u00e3o Cidade-M\u00e3e se apresentam no Encontro Municipal de Combate ao Racismo Institucional. Foto: Pryscila Brito\" width=\"640\" height=\"327\" \/><p id=\"caption-attachment-399\" class=\"wp-caption-text\">Adolescentes da Funda\u00e7\u00e3o Cidade-M\u00e3e se apresentam no Encontro Municipal de Combate ao Racismo Institucional. Foto: Pryscila Brito<\/p><\/div>\n<p>No local, houveram apresenta\u00e7\u00f5es de crian\u00e7as entre 9 e 14 anos de idade que fazem parte do Sub\u00farbio 360, projeto da Prefeitura, como o grupo de gin\u00e1stica r\u00edtmica de Alto de Coutos, com o espet\u00e1culo 7 novelos e a demonstra\u00e7\u00e3o musical com instrumentos de sopro dos alunos da Escolab. Dentre os destaques que emocionaram o p\u00fablico foi a poesia recitada por alunas da Funda\u00e7\u00e3o Cidade-M\u00e3e e a performance do ex-aluno, Alan Santos de 20 anos. Atualmente, o jovem \u00e9 professor de dan\u00e7a na institui\u00e7\u00e3o.<\/p>\n<div id=\"attachment_400\" style=\"width: 650px\" class=\"wp-caption aligncenter\"><img loading=\"lazy\" decoding=\"async\" aria-describedby=\"caption-attachment-400\" class=\"size-medium wp-image-400\" src=\"https:\/\/www.pgms.salvador.ba.gov.br\/portalpgms\/intranet\/wp-content\/uploads\/sites\/2\/2018\/11\/encontro-municipal-8-640x396.png\" alt=\"Alunos da Escolab, projeto do Sub\u00farbio 360, fazem apresenta\u00e7\u00e3o musical no Encontro Municipal. Foto: Pryscila Brito\" width=\"640\" height=\"396\" \/><p id=\"caption-attachment-400\" class=\"wp-caption-text\">Alunos da Escolab, projeto do Sub\u00farbio 360, fazem apresenta\u00e7\u00e3o musical no Encontro Municipal. Foto: Pryscila Brito<\/p><\/div>\n<p>Estiveram presentes no evento, a secret\u00e1ria Municipal da Repara\u00e7\u00e3o Ivete Sacramento, o Procurador do Munic\u00edpio Dr. Felipe Santiago Filho, dentre outras autoridades. &#8220;O Encontro Municipal de Combate ao Racismo Institucional tem relevante papel na instrumentaliza\u00e7\u00e3o de colaboradores para que estejam vigilantes para identifica\u00e7\u00e3o, preven\u00e7\u00e3o e enfrentamento do racismo, sobretudo o institucional&#8221;, destacou Oilda Rejane, coordenadora da SEMUR.<\/p>\n<p>&nbsp;<\/p>\n<div id=\"attachment_402\" style=\"width: 650px\" class=\"wp-caption aligncenter\"><img loading=\"lazy\" decoding=\"async\" aria-describedby=\"caption-attachment-402\" class=\"size-medium wp-image-402\" src=\"https:\/\/www.pgms.salvador.ba.gov.br\/portalpgms\/intranet\/wp-content\/uploads\/sites\/2\/2018\/11\/encontro-municipal-4-640x392.png\" alt=\"Apresenta\u00e7\u00e3o do espet\u00e1culo 7 novelos, do grupo de gin\u00e1stica r\u00edtmica de Alto de Coutos. Foto: Pryscila Brito\" width=\"640\" height=\"392\" \/><p id=\"caption-attachment-402\" class=\"wp-caption-text\">Apresenta\u00e7\u00e3o do espet\u00e1culo 7 novelos, do grupo de gin\u00e1stica r\u00edtmica de Alto de Coutos. Foto: Pryscila Brito<\/p><\/div>\n<p>&nbsp;<\/p>\n\n","protected":false},"excerpt":{"rendered":"<p>Na manh\u00e3 desta quarta-feira (28), ocorreu o Encontro Municipal de Combate ao Racismo Institucional. Promovido pela Secretaria Municipal da Repara\u00e7\u00e3o (SEMUR) em conjunto com o Programa de Combate ao Racismo Institucional (PCRI), o evento aconteceu no Hotel Quality e contou com a presen\u00e7a de cerca&#8230;<\/p>\n","protected":false},"author":6,"featured_media":837,"comment_status":"open","ping_status":"open","sticky":false,"template":"","format":"standard","meta":{"footnotes":""},"categories":[85],"tags":[83,81,84],"class_list":["post-834","post","type-post","status-publish","format-standard","has-post-thumbnail","hentry","category-encontro-municipal","tag-escolab","tag-pcri","tag-suburbio-360"],"_links":{"self":[{"href":"https:\/\/www.pgms.salvador.ba.gov.br\/portalpgms\/wp-json\/wp\/v2\/posts\/834","targetHints":{"allow":["GET"]}}],"collection":[{"href":"https:\/\/www.pgms.salvador.ba.gov.br\/portalpgms\/wp-json\/wp\/v2\/posts"}],"about":[{"href":"https:\/\/www.pgms.salvador.ba.gov.br\/portalpgms\/wp-json\/wp\/v2\/types\/post"}],"author":[{"embeddable":true,"href":"https:\/\/www.pgms.salvador.ba.gov.br\/portalpgms\/wp-json\/wp\/v2\/users\/6"}],"replies":[{"embeddable":true,"href":"https:\/\/www.pgms.salvador.ba.gov.br\/portalpgms\/wp-json\/wp\/v2\/comments?post=834"}],"version-history":[{"count":7,"href":"https:\/\/www.pgms.salvador.ba.gov.br\/portalpgms\/wp-json\/wp\/v2\/posts\/834\/revisions"}],"predecessor-version":[{"id":958,"href":"https:\/\/www.pgms.salvador.ba.gov.br\/portalpgms\/wp-json\/wp\/v2\/posts\/834\/revisions\/958"}],"wp:featuredmedia":[{"embeddable":true,"href":"https:\/\/www.pgms.salvador.ba.gov.br\/portalpgms\/wp-json\/wp\/v2\/media\/837"}],"wp:attachment":[{"href":"https:\/\/www.pgms.salvador.ba.gov.br\/portalpgms\/wp-json\/wp\/v2\/media?parent=834"}],"wp:term":[{"taxonomy":"category","embeddable":true,"href":"https:\/\/www.pgms.salvador.ba.gov.br\/portalpgms\/wp-json\/wp\/v2\/categories?post=834"},{"taxonomy":"post_tag","embeddable":true,"href":"https:\/\/www.pgms.salvador.ba.gov.br\/portalpgms\/wp-json\/wp\/v2\/tags?post=834"}],"curies":[{"name":"wp","href":"https:\/\/api.w.org\/{rel}","templated":true}]}}