{"id":646,"date":"2018-10-15T17:24:52","date_gmt":"2018-10-15T20:24:52","guid":{"rendered":"https:\/\/www.pgms.salvador.ba.gov.br\/portalpgms\/?p=646"},"modified":"2018-11-13T19:01:49","modified_gmt":"2018-11-13T21:01:49","slug":"prefeitura-oferece-curso-de-libras-para-servidores","status":"publish","type":"post","link":"https:\/\/www.pgms.salvador.ba.gov.br\/portalpgms\/blog\/2018\/10\/15\/prefeitura-oferece-curso-de-libras-para-servidores\/","title":{"rendered":"Prefeitura oferece curso de LIBRAS para servidores"},"content":{"rendered":"<div align=\"justify\">\n<p>A Prefeitura abre 20 vagas para servidores municipais fazerem curso gratuito de Linguagem Brasileira de Sinais (LIBRAS).\u00a0 A partir de 5 de novembro, funcion\u00e1rios que trabalham diretamente com o p\u00fablico como Guarda Civil Municipal, Prefeituras-Bairro, Centro de Refer\u00eancia e Assist\u00eancia Social (CRAS), dentre outros \u00f3rg\u00e3os poder\u00e3o participar da capacita\u00e7\u00e3o oferecida pela Unidade de Pol\u00edticas P\u00fablicas para Pessoas com Defici\u00eancia (UPCD).<\/p>\n<p>O objetivo do curso \u00e9 possibilitar o acesso \u00e0 comunica\u00e7\u00e3o dentro das institui\u00e7\u00f5es p\u00fablicas municipais para surdos e deficientes auditivos. As aulas da primeira turma do curso iniciar\u00e3o em 5 de novembro, nas segundas e ter\u00e7as-feiras, as 8h \u00e0s 17h, com intervalo de uma hora ao meio-dia. Para a segunda turma, as aulas ser\u00e3o a apartir de 7 de novembro, \u00e0s quartas e quintas-feiras.<\/p>\n<p>&#8220;A UPCD, em conson\u00e2ncia com o planejamento estrat\u00e9gico, est\u00e1 tra\u00e7ando pol\u00edticas p\u00fablicas e executando a\u00e7\u00f5es que atendam a pessoa com defici\u00eancia. A proposta \u00e9 capacitar funcion\u00e1rios p\u00fablicos para facilitar essa comunica\u00e7\u00e3o. Queremos melhorar atendimento e promover a inclus\u00e3o, com respeito \u00e0s diferen\u00e7as, transformando Salvador numa refer\u00eancia nacional&#8221;, afirma a diretora-geral da unidade, Risalva Telles.<\/p>\n<p>Dividido em tr\u00eas m\u00f3dulos, a carga hor\u00e1ria do curso \u00e9 de 180 horas e o certificado ser\u00e1 entregue ao aluno que tiver no m\u00ednimo 80% de aproveitamento. S\u00e3o 20 vagas por turma, os interessados podem se inscrever de 10 a 19 de outubro atrav\u00e9s do e-mail: upcd@salvador.ba.gov.br. Para mais informa\u00e7\u00f5es o telefone \u00e9 (71) 3202 &#8211; 6136.<\/p>\n<\/div>\n","protected":false},"excerpt":{"rendered":"<p>A Prefeitura abre 20 vagas para servidores municipais fazerem curso gratuito de Linguagem Brasileira de Sinais (LIBRAS).\u00a0 A partir de 5 de novembro, funcion\u00e1rios que trabalham diretamente com o p\u00fablico como Guarda Civil Municipal, Prefeituras-Bairro, Centro de Refer\u00eancia e Assist\u00eancia Social (CRAS), dentre outros \u00f3rg\u00e3os&#8230;<\/p>\n","protected":false},"author":6,"featured_media":0,"comment_status":"open","ping_status":"open","sticky":false,"template":"","format":"standard","meta":{"footnotes":""},"categories":[65],"tags":[66,67],"class_list":["post-646","post","type-post","status-publish","format-standard","hentry","category-cursos","tag-curso","tag-libras"],"_links":{"self":[{"href":"https:\/\/www.pgms.salvador.ba.gov.br\/portalpgms\/wp-json\/wp\/v2\/posts\/646","targetHints":{"allow":["GET"]}}],"collection":[{"href":"https:\/\/www.pgms.salvador.ba.gov.br\/portalpgms\/wp-json\/wp\/v2\/posts"}],"about":[{"href":"https:\/\/www.pgms.salvador.ba.gov.br\/portalpgms\/wp-json\/wp\/v2\/types\/post"}],"author":[{"embeddable":true,"href":"https:\/\/www.pgms.salvador.ba.gov.br\/portalpgms\/wp-json\/wp\/v2\/users\/6"}],"replies":[{"embeddable":true,"href":"https:\/\/www.pgms.salvador.ba.gov.br\/portalpgms\/wp-json\/wp\/v2\/comments?post=646"}],"version-history":[{"count":1,"href":"https:\/\/www.pgms.salvador.ba.gov.br\/portalpgms\/wp-json\/wp\/v2\/posts\/646\/revisions"}],"predecessor-version":[{"id":647,"href":"https:\/\/www.pgms.salvador.ba.gov.br\/portalpgms\/wp-json\/wp\/v2\/posts\/646\/revisions\/647"}],"wp:attachment":[{"href":"https:\/\/www.pgms.salvador.ba.gov.br\/portalpgms\/wp-json\/wp\/v2\/media?parent=646"}],"wp:term":[{"taxonomy":"category","embeddable":true,"href":"https:\/\/www.pgms.salvador.ba.gov.br\/portalpgms\/wp-json\/wp\/v2\/categories?post=646"},{"taxonomy":"post_tag","embeddable":true,"href":"https:\/\/www.pgms.salvador.ba.gov.br\/portalpgms\/wp-json\/wp\/v2\/tags?post=646"}],"curies":[{"name":"wp","href":"https:\/\/api.w.org\/{rel}","templated":true}]}}