{"id":3848,"date":"2025-10-31T17:08:11","date_gmt":"2025-10-31T20:08:11","guid":{"rendered":"https:\/\/www.pgms.salvador.ba.gov.br\/portalpgms\/?p=3848"},"modified":"2025-11-03T10:57:21","modified_gmt":"2025-11-03T13:57:21","slug":"3848","status":"publish","type":"post","link":"https:\/\/www.pgms.salvador.ba.gov.br\/portalpgms\/blog\/2025\/10\/31\/3848\/","title":{"rendered":"Salvador sedia a 20\u00aa edi\u00e7\u00e3o do Congresso Brasileiro de Procuradoras e Procuradores Municipais"},"content":{"rendered":"<p>Salvador foi palco da 20\u00aa edi\u00e7\u00e3o do Congresso Brasileiro de Procuradoras e Procuradores Municipais (XX CBPM), um verdadeiro sucesso que consolidou a capital baiana no centro dos grandes debates da advocacia p\u00fablica.<\/p>\n<p>Realizado entre os dias 28 e 31 de outubro de 2025, o Congresso reuniu procuradoras e procuradores de todo o pa\u00eds para discutir os principais temas que impactam a gest\u00e3o p\u00fablica e os desafios contempor\u00e2neos das cidades.<\/p>\n<p>Com o tema \u201cProcuradoria Municipal e governan\u00e7a p\u00fablica: inova\u00e7\u00e3o, equidade e sustentabilidade no s\u00e9culo XXI\u201d, o XX CBPM foi promovido pela Associa\u00e7\u00e3o das Procuradoras e dos Procuradores do Munic\u00edpio de Salvador (APMS) e pela Associa\u00e7\u00e3o Nacional dos Procuradores Municipais (ANPM), com o apoio institucional da Prefeitura Municipal de Salvador (PMS) e da Procuradoria-Geral do Munic\u00edpio de Salvador (PGMS).<\/p>\n<p>O evento contou com a presen\u00e7a do Prefeito Bruno Reis, da Vice-Prefeita Ana Paula Matos e de diversas autoridades locais e nacionais, al\u00e9m de representantes das Procuradorias de todo o Brasil.<\/p>\n<p>Durante quatro dias de intensa programa\u00e7\u00e3o, foram promovidos pain\u00e9is, confer\u00eancias e mesas tem\u00e1ticas que abordaram temas centrais para o fortalecimento da advocacia p\u00fablica, como reforma tribut\u00e1ria, inova\u00e7\u00e3o, sustentabilidade, governan\u00e7a, judicializa\u00e7\u00e3o e o uso de tecnologias na administra\u00e7\u00e3o p\u00fablica e na atua\u00e7\u00e3o jur\u00eddica dos entes federativos.<\/p>\n<p>Um dos destaques do evento foi a participa\u00e7\u00e3o das lideran\u00e7as femininas, que trouxeram reflex\u00f5es valiosas sobre os avan\u00e7os e desafios das mulheres na advocacia p\u00fablica.<\/p>\n<p>O XX CBPM reafirmou a import\u00e2ncia da integra\u00e7\u00e3o entre as Procuradorias e os gestores p\u00fablicos das tr\u00eas esferas de governo, evidenciando o papel estrat\u00e9gico da advocacia p\u00fablica na formula\u00e7\u00e3o, execu\u00e7\u00e3o e defesa das pol\u00edticas p\u00fablicas e na promo\u00e7\u00e3o de uma governan\u00e7a mais inovadora, equitativa e sustent\u00e1vel.<\/p>\n<p>\ud83d\udccd Salvador, mais uma vez, se consolida como refer\u00eancia nacional nos debates sobre o futuro da advocacia p\u00fablica e da gest\u00e3o p\u00fablica brasileira.<\/p>\n<p><a href=\"https:\/\/www.pgms.salvador.ba.gov.br\/portalpgms\/wp-content\/uploads\/2025\/10\/WhatsApp-Image-2025-10-31-at-16.44.01.jpeg\"><img loading=\"lazy\" decoding=\"async\" class=\"aligncenter size-thumbnail wp-image-3855\" src=\"https:\/\/www.pgms.salvador.ba.gov.br\/portalpgms\/wp-content\/uploads\/2025\/10\/WhatsApp-Image-2025-10-31-at-16.44.01-480x313.jpeg\" alt=\"\" width=\"480\" height=\"313\" srcset=\"https:\/\/www.pgms.salvador.ba.gov.br\/portalpgms\/wp-content\/uploads\/2025\/10\/WhatsApp-Image-2025-10-31-at-16.44.01-480x313.jpeg 480w, https:\/\/www.pgms.salvador.ba.gov.br\/portalpgms\/wp-content\/uploads\/2025\/10\/WhatsApp-Image-2025-10-31-at-16.44.01-640x417.jpeg 640w, https:\/\/www.pgms.salvador.ba.gov.br\/portalpgms\/wp-content\/uploads\/2025\/10\/WhatsApp-Image-2025-10-31-at-16.44.01-768x500.jpeg 768w, https:\/\/www.pgms.salvador.ba.gov.br\/portalpgms\/wp-content\/uploads\/2025\/10\/WhatsApp-Image-2025-10-31-at-16.44.01.jpeg 800w\" sizes=\"auto, (max-width: 480px) 100vw, 480px\" \/><\/a><a href=\"https:\/\/www.pgms.salvador.ba.gov.br\/portalpgms\/wp-content\/uploads\/2025\/10\/WhatsApp-Image-2025-10-31-at-16.44.01-3.jpeg\"><img loading=\"lazy\" decoding=\"async\" class=\"aligncenter size-thumbnail wp-image-3854\" src=\"https:\/\/www.pgms.salvador.ba.gov.br\/portalpgms\/wp-content\/uploads\/2025\/10\/WhatsApp-Image-2025-10-31-at-16.44.01-3-480x317.jpeg\" alt=\"\" width=\"480\" height=\"317\" srcset=\"https:\/\/www.pgms.salvador.ba.gov.br\/portalpgms\/wp-content\/uploads\/2025\/10\/WhatsApp-Image-2025-10-31-at-16.44.01-3-480x317.jpeg 480w, https:\/\/www.pgms.salvador.ba.gov.br\/portalpgms\/wp-content\/uploads\/2025\/10\/WhatsApp-Image-2025-10-31-at-16.44.01-3.jpeg 600w\" sizes=\"auto, (max-width: 480px) 100vw, 480px\" \/><\/a><a href=\"https:\/\/www.pgms.salvador.ba.gov.br\/portalpgms\/wp-content\/uploads\/2025\/10\/WhatsApp-Image-2025-10-31-at-16.44.01-2.jpeg\"><img loading=\"lazy\" decoding=\"async\" class=\"aligncenter size-thumbnail wp-image-3853\" src=\"https:\/\/www.pgms.salvador.ba.gov.br\/portalpgms\/wp-content\/uploads\/2025\/10\/WhatsApp-Image-2025-10-31-at-16.44.01-2-364x480.jpeg\" alt=\"\" width=\"364\" height=\"480\" srcset=\"https:\/\/www.pgms.salvador.ba.gov.br\/portalpgms\/wp-content\/uploads\/2025\/10\/WhatsApp-Image-2025-10-31-at-16.44.01-2-364x480.jpeg 364w, https:\/\/www.pgms.salvador.ba.gov.br\/portalpgms\/wp-content\/uploads\/2025\/10\/WhatsApp-Image-2025-10-31-at-16.44.01-2-485x640.jpeg 485w, https:\/\/www.pgms.salvador.ba.gov.br\/portalpgms\/wp-content\/uploads\/2025\/10\/WhatsApp-Image-2025-10-31-at-16.44.01-2-776x1024.jpeg 776w, https:\/\/www.pgms.salvador.ba.gov.br\/portalpgms\/wp-content\/uploads\/2025\/10\/WhatsApp-Image-2025-10-31-at-16.44.01-2-768x1013.jpeg 768w, https:\/\/www.pgms.salvador.ba.gov.br\/portalpgms\/wp-content\/uploads\/2025\/10\/WhatsApp-Image-2025-10-31-at-16.44.01-2.jpeg 800w\" sizes=\"auto, (max-width: 364px) 100vw, 364px\" \/><\/a><a href=\"https:\/\/www.pgms.salvador.ba.gov.br\/portalpgms\/wp-content\/uploads\/2025\/10\/WhatsApp-Image-2025-10-31-at-16.44.01-1-1.jpeg\"><img loading=\"lazy\" decoding=\"async\" class=\"aligncenter size-thumbnail wp-image-3852\" src=\"https:\/\/www.pgms.salvador.ba.gov.br\/portalpgms\/wp-content\/uploads\/2025\/10\/WhatsApp-Image-2025-10-31-at-16.44.01-1-1-480x315.jpeg\" alt=\"\" width=\"480\" height=\"315\" srcset=\"https:\/\/www.pgms.salvador.ba.gov.br\/portalpgms\/wp-content\/uploads\/2025\/10\/WhatsApp-Image-2025-10-31-at-16.44.01-1-1-480x315.jpeg 480w, https:\/\/www.pgms.salvador.ba.gov.br\/portalpgms\/wp-content\/uploads\/2025\/10\/WhatsApp-Image-2025-10-31-at-16.44.01-1-1-640x420.jpeg 640w, https:\/\/www.pgms.salvador.ba.gov.br\/portalpgms\/wp-content\/uploads\/2025\/10\/WhatsApp-Image-2025-10-31-at-16.44.01-1-1-768x504.jpeg 768w, https:\/\/www.pgms.salvador.ba.gov.br\/portalpgms\/wp-content\/uploads\/2025\/10\/WhatsApp-Image-2025-10-31-at-16.44.01-1-1.jpeg 800w\" sizes=\"auto, (max-width: 480px) 100vw, 480px\" \/><\/a><a href=\"https:\/\/www.pgms.salvador.ba.gov.br\/portalpgms\/wp-content\/uploads\/2025\/10\/WhatsApp-Image-2025-10-31-at-16.44.00.jpeg\"><img loading=\"lazy\" decoding=\"async\" class=\"aligncenter size-thumbnail wp-image-3851\" src=\"https:\/\/www.pgms.salvador.ba.gov.br\/portalpgms\/wp-content\/uploads\/2025\/10\/WhatsApp-Image-2025-10-31-at-16.44.00-480x272.jpeg\" alt=\"\" width=\"480\" height=\"272\" srcset=\"https:\/\/www.pgms.salvador.ba.gov.br\/portalpgms\/wp-content\/uploads\/2025\/10\/WhatsApp-Image-2025-10-31-at-16.44.00-480x272.jpeg 480w, https:\/\/www.pgms.salvador.ba.gov.br\/portalpgms\/wp-content\/uploads\/2025\/10\/WhatsApp-Image-2025-10-31-at-16.44.00-640x363.jpeg 640w, https:\/\/www.pgms.salvador.ba.gov.br\/portalpgms\/wp-content\/uploads\/2025\/10\/WhatsApp-Image-2025-10-31-at-16.44.00-768x436.jpeg 768w, https:\/\/www.pgms.salvador.ba.gov.br\/portalpgms\/wp-content\/uploads\/2025\/10\/WhatsApp-Image-2025-10-31-at-16.44.00.jpeg 800w\" sizes=\"auto, (max-width: 480px) 100vw, 480px\" \/><\/a><a href=\"https:\/\/www.pgms.salvador.ba.gov.br\/portalpgms\/wp-content\/uploads\/2025\/10\/WhatsApp-Image-2025-10-31-at-16.44.00-1.jpeg\"><img loading=\"lazy\" decoding=\"async\" class=\"aligncenter size-thumbnail wp-image-3850\" src=\"https:\/\/www.pgms.salvador.ba.gov.br\/portalpgms\/wp-content\/uploads\/2025\/10\/WhatsApp-Image-2025-10-31-at-16.44.00-1-480x311.jpeg\" alt=\"\" width=\"480\" height=\"311\" srcset=\"https:\/\/www.pgms.salvador.ba.gov.br\/portalpgms\/wp-content\/uploads\/2025\/10\/WhatsApp-Image-2025-10-31-at-16.44.00-1-480x311.jpeg 480w, https:\/\/www.pgms.salvador.ba.gov.br\/portalpgms\/wp-content\/uploads\/2025\/10\/WhatsApp-Image-2025-10-31-at-16.44.00-1-640x415.jpeg 640w, https:\/\/www.pgms.salvador.ba.gov.br\/portalpgms\/wp-content\/uploads\/2025\/10\/WhatsApp-Image-2025-10-31-at-16.44.00-1-768x498.jpeg 768w, https:\/\/www.pgms.salvador.ba.gov.br\/portalpgms\/wp-content\/uploads\/2025\/10\/WhatsApp-Image-2025-10-31-at-16.44.00-1.jpeg 800w\" sizes=\"auto, (max-width: 480px) 100vw, 480px\" \/><\/a><\/p>\n<p>&nbsp;<\/p>\n","protected":false},"excerpt":{"rendered":"<p>Salvador foi palco da 20\u00aa edi\u00e7\u00e3o do Congresso Brasileiro de Procuradoras e Procuradores Municipais (XX CBPM), um verdadeiro sucesso que consolidou a capital baiana no centro dos grandes debates da advocacia p\u00fablica. Realizado entre os dias 28 e 31 de outubro de 2025, o Congresso&#8230;<\/p>\n","protected":false},"author":1,"featured_media":3849,"comment_status":"open","ping_status":"open","sticky":false,"template":"","format":"standard","meta":{"footnotes":""},"categories":[414,393,155,416],"tags":[],"class_list":["post-3848","post","type-post","status-publish","format-standard","has-post-thumbnail","hentry","category-advogados","category-encontro","category-eventos","category-procuradores"],"_links":{"self":[{"href":"https:\/\/www.pgms.salvador.ba.gov.br\/portalpgms\/wp-json\/wp\/v2\/posts\/3848","targetHints":{"allow":["GET"]}}],"collection":[{"href":"https:\/\/www.pgms.salvador.ba.gov.br\/portalpgms\/wp-json\/wp\/v2\/posts"}],"about":[{"href":"https:\/\/www.pgms.salvador.ba.gov.br\/portalpgms\/wp-json\/wp\/v2\/types\/post"}],"author":[{"embeddable":true,"href":"https:\/\/www.pgms.salvador.ba.gov.br\/portalpgms\/wp-json\/wp\/v2\/users\/1"}],"replies":[{"embeddable":true,"href":"https:\/\/www.pgms.salvador.ba.gov.br\/portalpgms\/wp-json\/wp\/v2\/comments?post=3848"}],"version-history":[{"count":2,"href":"https:\/\/www.pgms.salvador.ba.gov.br\/portalpgms\/wp-json\/wp\/v2\/posts\/3848\/revisions"}],"predecessor-version":[{"id":3857,"href":"https:\/\/www.pgms.salvador.ba.gov.br\/portalpgms\/wp-json\/wp\/v2\/posts\/3848\/revisions\/3857"}],"wp:featuredmedia":[{"embeddable":true,"href":"https:\/\/www.pgms.salvador.ba.gov.br\/portalpgms\/wp-json\/wp\/v2\/media\/3849"}],"wp:attachment":[{"href":"https:\/\/www.pgms.salvador.ba.gov.br\/portalpgms\/wp-json\/wp\/v2\/media?parent=3848"}],"wp:term":[{"taxonomy":"category","embeddable":true,"href":"https:\/\/www.pgms.salvador.ba.gov.br\/portalpgms\/wp-json\/wp\/v2\/categories?post=3848"},{"taxonomy":"post_tag","embeddable":true,"href":"https:\/\/www.pgms.salvador.ba.gov.br\/portalpgms\/wp-json\/wp\/v2\/tags?post=3848"}],"curies":[{"name":"wp","href":"https:\/\/api.w.org\/{rel}","templated":true}]}}