{"id":3752,"date":"2025-07-03T14:57:02","date_gmt":"2025-07-03T17:57:02","guid":{"rendered":"https:\/\/www.pgms.salvador.ba.gov.br\/portalpgms\/?p=3752"},"modified":"2025-07-03T14:57:14","modified_gmt":"2025-07-03T17:57:14","slug":"3752","status":"publish","type":"post","link":"https:\/\/www.pgms.salvador.ba.gov.br\/portalpgms\/blog\/2025\/07\/03\/3752\/","title":{"rendered":"Prefeitura passa a compartilhar sistema de dados imobili\u00e1rios com o TRT para agilizar presta\u00e7\u00e3o de servi\u00e7os p\u00fablicos"},"content":{"rendered":"<p>A Prefeitura de Salvador e o Tribunal Regional do Trabalho da 5\u00aa Regi\u00e3o (TRT-5) firmaram uma parceria que prev\u00ea o compartilhamento de dados do cadastro imobili\u00e1rio da capital baiana, com o intuito de agilizar a presta\u00e7\u00e3o de servi\u00e7os p\u00fablicos. O acordo de coopera\u00e7\u00e3o t\u00e9cnica foi assinado pelo prefeito Bruno Reis e pelo desembargador e presidente do TRT-5, J\u00e9ferson Muricy, nesta quinta-feira (3), com a presen\u00e7a do procurador-geral do Munic\u00edpio, Eduardo Vaz Porto. <\/p>\n<p>Com a iniciativa, o tribunal passar\u00e1 a ter acesso direto ao sistema digital da Prefeitura, ligado \u00e0 Secretaria Municipal da Fazenda (Sefaz), que re\u00fane informa\u00e7\u00f5es sobre im\u00f3veis da cidade, como localiza\u00e7\u00e3o, titularidade e situa\u00e7\u00e3o fiscal. Antes, esse tipo de consulta exigia o envio de of\u00edcios formais ao munic\u00edpio, o que gerava custos administrativos e retardava o andamento de processos judiciais. O acervo ao qual o tribunal ter\u00e1 acesso tem cerca de 1 milh\u00e3o de cadastros imobili\u00e1rios.<\/p>\n<p>\u201cInvestimos nos \u00faltimos anos para atualizar o cadastro imobili\u00e1rio da cidade e passaremos a disponibiliz\u00e1-lo para que o TRT tenha informa\u00e7\u00f5es tanto de pessoas f\u00edsicas como de pessoas jur\u00eddicas. Isso vai possibilitar que a Justi\u00e7a possa cumprir de forma mais eficiente o seu papel, principalmente preservando direitos e garantias dos trabalhadores\u201d, destacou Bruno Reis.<\/p>\n<p>A divulga\u00e7\u00e3o do cadastro, acrescentou, cumpre o que estabelece a Lei Geral de Prote\u00e7\u00e3o de Dados Pessoais. \u201cO tribunal tinha que disponibilizar servidor para levar o of\u00edcio, gerando um custo financeiro e de tempo. Agora, o \u00f3rg\u00e3o passa a ter acesso direto a esse cadastro p\u00fablico pelo website diretamente\u201d, completou o prefeito.<\/p>\n<p>O acesso facilitado ao banco de dados deve agilizar especialmente os tr\u00e2mites ligados \u00e0 execu\u00e7\u00e3o trabalhista, quando \u00e9 necess\u00e1rio localizar bens para garantir o pagamento de d\u00edvidas reconhecidas judicialmente, por exemplo. Para o desembargador J\u00e9ferson Muricy, a expectativa \u00e9 que a medida traga mais celeridade ao Judici\u00e1rio, al\u00e9m de mais transpar\u00eancia \u00e0 administra\u00e7\u00e3o p\u00fablica.<\/p>\n<p>\u201cAntes, o processo de detec\u00e7\u00e3o de bens que garantiam as a\u00e7\u00f5es era muito burocratizado. Mas esse acesso direto facilitar\u00e1 muito localizar bens im\u00f3veis de devedores reticentes. Muitas vezes, para encontrar bens, precisamos fazer pesquisas muito demoradas, E isso representa tempo para aquele trabalhador que est\u00e1 precisando receber aquilo que a Justi\u00e7a condenou o empregador a pagar e n\u00e3o consegue\u201d, explicou Muricy.<\/p>\n<p>O procurador-geral Eduardo Vaz Porto destacou que Salvador tem adotado nos \u00faltimos anos procedimentos para desburocratizar as demandas judiciais.  \u201cEssa coopera\u00e7\u00e3o \u00e9 mais um passo que estamos dando na moderniza\u00e7\u00e3o da rela\u00e7\u00e3o entre a administra\u00e7\u00e3o p\u00fablica e o Poder Judici\u00e1rio. Ao permitir o acesso direto do TRT ao cadastro imobili\u00e1rio municipal, estamos eliminando burocracias, reduzindo custos e, sobretudo, contribuindo para a efetividade das decis\u00f5es judiciais. \u00c9 uma medida que fortalece a transpar\u00eancia, a efici\u00eancia institucional e reafirma o compromisso da Prefeitura com a justi\u00e7a social e o respeito aos direitos trabalhistas\u201d, disse.<\/p>\n<p>Texto: Vitor Villar I Imagens: Valter Pontes I Secretaria de Comunica\u00e7\u00e3o da Prefeitura de Salvador \u2013 SECOM\/ PMS<\/p>\n<p><a href=\"https:\/\/www.pgms.salvador.ba.gov.br\/portalpgms\/wp-content\/uploads\/2025\/07\/WhatsApp-Image-2025-07-03-at-14.36.43.jpeg\"><img loading=\"lazy\" decoding=\"async\" src=\"https:\/\/www.pgms.salvador.ba.gov.br\/portalpgms\/wp-content\/uploads\/2025\/07\/WhatsApp-Image-2025-07-03-at-14.36.43-480x331.jpeg\" alt=\"\" width=\"480\" height=\"331\" class=\"aligncenter size-thumbnail wp-image-3753\" srcset=\"https:\/\/www.pgms.salvador.ba.gov.br\/portalpgms\/wp-content\/uploads\/2025\/07\/WhatsApp-Image-2025-07-03-at-14.36.43-480x331.jpeg 480w, https:\/\/www.pgms.salvador.ba.gov.br\/portalpgms\/wp-content\/uploads\/2025\/07\/WhatsApp-Image-2025-07-03-at-14.36.43-640x441.jpeg 640w, https:\/\/www.pgms.salvador.ba.gov.br\/portalpgms\/wp-content\/uploads\/2025\/07\/WhatsApp-Image-2025-07-03-at-14.36.43-1024x706.jpeg 1024w, https:\/\/www.pgms.salvador.ba.gov.br\/portalpgms\/wp-content\/uploads\/2025\/07\/WhatsApp-Image-2025-07-03-at-14.36.43-768x529.jpeg 768w, https:\/\/www.pgms.salvador.ba.gov.br\/portalpgms\/wp-content\/uploads\/2025\/07\/WhatsApp-Image-2025-07-03-at-14.36.43-1536x1059.jpeg 1536w, https:\/\/www.pgms.salvador.ba.gov.br\/portalpgms\/wp-content\/uploads\/2025\/07\/WhatsApp-Image-2025-07-03-at-14.36.43.jpeg 1600w\" sizes=\"auto, (max-width: 480px) 100vw, 480px\" \/><\/a><\/p>\n<p><a href=\"https:\/\/www.pgms.salvador.ba.gov.br\/portalpgms\/wp-content\/uploads\/2025\/07\/WhatsApp-Image-2025-07-03-at-14.37.06.jpeg\"><img loading=\"lazy\" decoding=\"async\" src=\"https:\/\/www.pgms.salvador.ba.gov.br\/portalpgms\/wp-content\/uploads\/2025\/07\/WhatsApp-Image-2025-07-03-at-14.37.06-480x320.jpeg\" alt=\"\" width=\"480\" height=\"320\" class=\"aligncenter size-thumbnail wp-image-3754\" srcset=\"https:\/\/www.pgms.salvador.ba.gov.br\/portalpgms\/wp-content\/uploads\/2025\/07\/WhatsApp-Image-2025-07-03-at-14.37.06-480x320.jpeg 480w, https:\/\/www.pgms.salvador.ba.gov.br\/portalpgms\/wp-content\/uploads\/2025\/07\/WhatsApp-Image-2025-07-03-at-14.37.06-640x427.jpeg 640w, https:\/\/www.pgms.salvador.ba.gov.br\/portalpgms\/wp-content\/uploads\/2025\/07\/WhatsApp-Image-2025-07-03-at-14.37.06-1024x683.jpeg 1024w, https:\/\/www.pgms.salvador.ba.gov.br\/portalpgms\/wp-content\/uploads\/2025\/07\/WhatsApp-Image-2025-07-03-at-14.37.06-768x512.jpeg 768w, https:\/\/www.pgms.salvador.ba.gov.br\/portalpgms\/wp-content\/uploads\/2025\/07\/WhatsApp-Image-2025-07-03-at-14.37.06-1536x1024.jpeg 1536w, https:\/\/www.pgms.salvador.ba.gov.br\/portalpgms\/wp-content\/uploads\/2025\/07\/WhatsApp-Image-2025-07-03-at-14.37.06.jpeg 1600w\" sizes=\"auto, (max-width: 480px) 100vw, 480px\" \/><\/a><\/p>\n<p><a href=\"https:\/\/www.pgms.salvador.ba.gov.br\/portalpgms\/wp-content\/uploads\/2025\/07\/WhatsApp-Image-2025-07-03-at-14.37.33.jpeg\"><img loading=\"lazy\" decoding=\"async\" src=\"https:\/\/www.pgms.salvador.ba.gov.br\/portalpgms\/wp-content\/uploads\/2025\/07\/WhatsApp-Image-2025-07-03-at-14.37.33-480x320.jpeg\" alt=\"\" width=\"480\" height=\"320\" class=\"aligncenter size-thumbnail wp-image-3755\" srcset=\"https:\/\/www.pgms.salvador.ba.gov.br\/portalpgms\/wp-content\/uploads\/2025\/07\/WhatsApp-Image-2025-07-03-at-14.37.33-480x320.jpeg 480w, https:\/\/www.pgms.salvador.ba.gov.br\/portalpgms\/wp-content\/uploads\/2025\/07\/WhatsApp-Image-2025-07-03-at-14.37.33-640x427.jpeg 640w, https:\/\/www.pgms.salvador.ba.gov.br\/portalpgms\/wp-content\/uploads\/2025\/07\/WhatsApp-Image-2025-07-03-at-14.37.33-1024x683.jpeg 1024w, https:\/\/www.pgms.salvador.ba.gov.br\/portalpgms\/wp-content\/uploads\/2025\/07\/WhatsApp-Image-2025-07-03-at-14.37.33-768x512.jpeg 768w, https:\/\/www.pgms.salvador.ba.gov.br\/portalpgms\/wp-content\/uploads\/2025\/07\/WhatsApp-Image-2025-07-03-at-14.37.33-1536x1024.jpeg 1536w, https:\/\/www.pgms.salvador.ba.gov.br\/portalpgms\/wp-content\/uploads\/2025\/07\/WhatsApp-Image-2025-07-03-at-14.37.33.jpeg 1600w\" sizes=\"auto, (max-width: 480px) 100vw, 480px\" \/><\/a><\/p>\n<p><a href=\"https:\/\/www.pgms.salvador.ba.gov.br\/portalpgms\/wp-content\/uploads\/2025\/07\/WhatsApp-Image-2025-07-03-at-14.37.33-1.jpeg\"><img loading=\"lazy\" decoding=\"async\" src=\"https:\/\/www.pgms.salvador.ba.gov.br\/portalpgms\/wp-content\/uploads\/2025\/07\/WhatsApp-Image-2025-07-03-at-14.37.33-1-480x337.jpeg\" alt=\"\" width=\"480\" height=\"337\" class=\"aligncenter size-thumbnail wp-image-3756\" srcset=\"https:\/\/www.pgms.salvador.ba.gov.br\/portalpgms\/wp-content\/uploads\/2025\/07\/WhatsApp-Image-2025-07-03-at-14.37.33-1-480x337.jpeg 480w, https:\/\/www.pgms.salvador.ba.gov.br\/portalpgms\/wp-content\/uploads\/2025\/07\/WhatsApp-Image-2025-07-03-at-14.37.33-1-640x450.jpeg 640w, https:\/\/www.pgms.salvador.ba.gov.br\/portalpgms\/wp-content\/uploads\/2025\/07\/WhatsApp-Image-2025-07-03-at-14.37.33-1-1024x719.jpeg 1024w, https:\/\/www.pgms.salvador.ba.gov.br\/portalpgms\/wp-content\/uploads\/2025\/07\/WhatsApp-Image-2025-07-03-at-14.37.33-1-768x540.jpeg 768w, https:\/\/www.pgms.salvador.ba.gov.br\/portalpgms\/wp-content\/uploads\/2025\/07\/WhatsApp-Image-2025-07-03-at-14.37.33-1-1536x1079.jpeg 1536w, https:\/\/www.pgms.salvador.ba.gov.br\/portalpgms\/wp-content\/uploads\/2025\/07\/WhatsApp-Image-2025-07-03-at-14.37.33-1.jpeg 1600w\" sizes=\"auto, (max-width: 480px) 100vw, 480px\" \/><\/a><\/p>\n","protected":false},"excerpt":{"rendered":"<p>A Prefeitura de Salvador e o Tribunal Regional do Trabalho da 5\u00aa Regi\u00e3o (TRT-5) firmaram uma parceria que prev\u00ea o compartilhamento de dados do cadastro imobili\u00e1rio da capital baiana, com o intuito de agilizar a presta\u00e7\u00e3o de servi\u00e7os p\u00fablicos. O acordo de coopera\u00e7\u00e3o t\u00e9cnica foi&#8230;<\/p>\n","protected":false},"author":1,"featured_media":3753,"comment_status":"open","ping_status":"open","sticky":false,"template":"","format":"standard","meta":{"footnotes":""},"categories":[38],"tags":[],"class_list":["post-3752","post","type-post","status-publish","format-standard","has-post-thumbnail","hentry","category-noticias"],"_links":{"self":[{"href":"https:\/\/www.pgms.salvador.ba.gov.br\/portalpgms\/wp-json\/wp\/v2\/posts\/3752","targetHints":{"allow":["GET"]}}],"collection":[{"href":"https:\/\/www.pgms.salvador.ba.gov.br\/portalpgms\/wp-json\/wp\/v2\/posts"}],"about":[{"href":"https:\/\/www.pgms.salvador.ba.gov.br\/portalpgms\/wp-json\/wp\/v2\/types\/post"}],"author":[{"embeddable":true,"href":"https:\/\/www.pgms.salvador.ba.gov.br\/portalpgms\/wp-json\/wp\/v2\/users\/1"}],"replies":[{"embeddable":true,"href":"https:\/\/www.pgms.salvador.ba.gov.br\/portalpgms\/wp-json\/wp\/v2\/comments?post=3752"}],"version-history":[{"count":2,"href":"https:\/\/www.pgms.salvador.ba.gov.br\/portalpgms\/wp-json\/wp\/v2\/posts\/3752\/revisions"}],"predecessor-version":[{"id":3758,"href":"https:\/\/www.pgms.salvador.ba.gov.br\/portalpgms\/wp-json\/wp\/v2\/posts\/3752\/revisions\/3758"}],"wp:featuredmedia":[{"embeddable":true,"href":"https:\/\/www.pgms.salvador.ba.gov.br\/portalpgms\/wp-json\/wp\/v2\/media\/3753"}],"wp:attachment":[{"href":"https:\/\/www.pgms.salvador.ba.gov.br\/portalpgms\/wp-json\/wp\/v2\/media?parent=3752"}],"wp:term":[{"taxonomy":"category","embeddable":true,"href":"https:\/\/www.pgms.salvador.ba.gov.br\/portalpgms\/wp-json\/wp\/v2\/categories?post=3752"},{"taxonomy":"post_tag","embeddable":true,"href":"https:\/\/www.pgms.salvador.ba.gov.br\/portalpgms\/wp-json\/wp\/v2\/tags?post=3752"}],"curies":[{"name":"wp","href":"https:\/\/api.w.org\/{rel}","templated":true}]}}