{"id":2796,"date":"2023-03-04T11:59:46","date_gmt":"2023-03-04T14:59:46","guid":{"rendered":"https:\/\/www.pgms.salvador.ba.gov.br\/portalpgms\/?p=2796"},"modified":"2023-03-06T12:34:21","modified_gmt":"2023-03-06T15:34:21","slug":"pgms-na-posse-de-desembargador-baiano-em-orgao-das-nacoes-unidas-onu","status":"publish","type":"post","link":"https:\/\/www.pgms.salvador.ba.gov.br\/portalpgms\/blog\/2023\/03\/04\/pgms-na-posse-de-desembargador-baiano-em-orgao-das-nacoes-unidas-onu\/","title":{"rendered":"PGMS na posse de Desembargador baiano em \u00f3rg\u00e3o das Na\u00e7\u00f5es Unidas (ONU)"},"content":{"rendered":"<p>O procurador-geral do munic\u00edpio de Salvador, Eduardo Vaz Porto representou o Prefeito da capital baiana, Bruno Reis, na diploma\u00e7\u00e3o e posse do desembargador Geder Gomes como representante do Brasil no Comit\u00ea Permanente da Am\u00e9rica Latina para a Preven\u00e7\u00e3o do Crime &#8211; COPLAD, \u00f3rg\u00e3o do Instituto Latino-Americano das Na\u00e7\u00f5es Unidas (ONU) para a Preven\u00e7\u00e3o do Crime e Tratamento do Delinquente (ILANUD).<\/p>\n<p>A cerim\u00f4nia, ocorrida na manh\u00e3 de hoje (03\/03), foi conduzida pelo presidente do Tribunal de Justi\u00e7a da Bahia (TJ-BA), desembargador N\u00edlson Castelo Branco e pelo diretor-geral do Instituto Latino-Americano, Douglas Duran.<\/p>\n<p>Acompanhado da subprocuradora-geral do Munic\u00edpio de Salvador, Luciana Harth, o procurador Eduardo Vaz Porto parabenizou o empossado e destacou a import\u00e2ncia do trabalho do comit\u00ea para a garantia dos Direito Humanos e a redu\u00e7\u00e3o dos \u00edndices de viol\u00eancia no pa\u00eds.<\/p>\n<p>A solenidade foi prestigiada por autoridades municipais, estaduais, nacionais e internacionais dos Poderes Judici\u00e1rio, Executivo e Legislativo.<\/p>\n<p>&nbsp;<\/p>\n\n\t\t<style>\n\t\t\t#gallery-1 {\n\t\t\t\tmargin: auto;\n\t\t\t}\n\t\t\t#gallery-1 .gallery-item {\n\t\t\t\tfloat: left;\n\t\t\t\tmargin-top: 10px;\n\t\t\t\ttext-align: center;\n\t\t\t\twidth: 33%;\n\t\t\t}\n\t\t\t#gallery-1 img {\n\t\t\t\tborder: 2px solid #cfcfcf;\n\t\t\t}\n\t\t\t#gallery-1 .gallery-caption {\n\t\t\t\tmargin-left: 0;\n\t\t\t}\n\t\t\t\/* see gallery_shortcode() in wp-includes\/media.php *\/\n\t\t<\/style>\n\t\t<div id='gallery-1' class='gallery galleryid-2796 gallery-columns-3 gallery-size-thumbnail'><dl class='gallery-item'>\n\t\t\t<dt class='gallery-icon portrait'>\n\t\t\t\t<a href='https:\/\/www.pgms.salvador.ba.gov.br\/portalpgms\/blog\/2023\/03\/04\/pgms-na-posse-de-desembargador-baiano-em-orgao-das-nacoes-unidas-onu\/posse_desembargador_baiano_onu_2\/'><img loading=\"lazy\" decoding=\"async\" width=\"380\" height=\"393\" src=\"https:\/\/www.pgms.salvador.ba.gov.br\/portalpgms\/wp-content\/uploads\/2023\/03\/posse_desembargador_baiano_onu_2.png\" class=\"attachment-thumbnail size-thumbnail\" alt=\"\" \/><\/a>\n\t\t\t<\/dt><\/dl><dl class='gallery-item'>\n\t\t\t<dt class='gallery-icon portrait'>\n\t\t\t\t<a href='https:\/\/www.pgms.salvador.ba.gov.br\/portalpgms\/blog\/2023\/03\/04\/pgms-na-posse-de-desembargador-baiano-em-orgao-das-nacoes-unidas-onu\/posse_desembargador_baiano_onu_3\/'><img loading=\"lazy\" decoding=\"async\" width=\"380\" height=\"393\" src=\"https:\/\/www.pgms.salvador.ba.gov.br\/portalpgms\/wp-content\/uploads\/2023\/03\/posse_desembargador_baiano_onu_3.png\" class=\"attachment-thumbnail size-thumbnail\" alt=\"\" \/><\/a>\n\t\t\t<\/dt><\/dl><dl class='gallery-item'>\n\t\t\t<dt class='gallery-icon portrait'>\n\t\t\t\t<a href='https:\/\/www.pgms.salvador.ba.gov.br\/portalpgms\/blog\/2023\/03\/04\/pgms-na-posse-de-desembargador-baiano-em-orgao-das-nacoes-unidas-onu\/posse_desembargador_baiano_onu_5\/'><img loading=\"lazy\" decoding=\"async\" width=\"380\" height=\"393\" src=\"https:\/\/www.pgms.salvador.ba.gov.br\/portalpgms\/wp-content\/uploads\/2023\/03\/posse_desembargador_baiano_onu_5.png\" class=\"attachment-thumbnail size-thumbnail\" alt=\"\" \/><\/a>\n\t\t\t<\/dt><\/dl><br style=\"clear: both\" \/><dl class='gallery-item'>\n\t\t\t<dt class='gallery-icon portrait'>\n\t\t\t\t<a href='https:\/\/www.pgms.salvador.ba.gov.br\/portalpgms\/blog\/2023\/03\/04\/pgms-na-posse-de-desembargador-baiano-em-orgao-das-nacoes-unidas-onu\/posse_desembargador_baiano_onu_1\/'><img loading=\"lazy\" decoding=\"async\" width=\"380\" height=\"393\" src=\"https:\/\/www.pgms.salvador.ba.gov.br\/portalpgms\/wp-content\/uploads\/2023\/03\/posse_desembargador_baiano_onu_1.png\" class=\"attachment-thumbnail size-thumbnail\" alt=\"\" \/><\/a>\n\t\t\t<\/dt><\/dl>\n\t\t\t<br style='clear: both' \/>\n\t\t<\/div>\n\n","protected":false},"excerpt":{"rendered":"<p>O procurador-geral do munic\u00edpio de Salvador, Eduardo Vaz Porto representou o Prefeito da capital baiana, Bruno Reis, na diploma\u00e7\u00e3o e posse do desembargador Geder Gomes como representante do Brasil no Comit\u00ea Permanente da Am\u00e9rica Latina para a Preven\u00e7\u00e3o do Crime &#8211; COPLAD, \u00f3rg\u00e3o do Instituto&#8230;<\/p>\n","protected":false},"author":1,"featured_media":2800,"comment_status":"open","ping_status":"open","sticky":false,"template":"","format":"standard","meta":{"footnotes":""},"categories":[1],"tags":[],"class_list":["post-2796","post","type-post","status-publish","format-standard","has-post-thumbnail","hentry","category-sem-categoria"],"_links":{"self":[{"href":"https:\/\/www.pgms.salvador.ba.gov.br\/portalpgms\/wp-json\/wp\/v2\/posts\/2796","targetHints":{"allow":["GET"]}}],"collection":[{"href":"https:\/\/www.pgms.salvador.ba.gov.br\/portalpgms\/wp-json\/wp\/v2\/posts"}],"about":[{"href":"https:\/\/www.pgms.salvador.ba.gov.br\/portalpgms\/wp-json\/wp\/v2\/types\/post"}],"author":[{"embeddable":true,"href":"https:\/\/www.pgms.salvador.ba.gov.br\/portalpgms\/wp-json\/wp\/v2\/users\/1"}],"replies":[{"embeddable":true,"href":"https:\/\/www.pgms.salvador.ba.gov.br\/portalpgms\/wp-json\/wp\/v2\/comments?post=2796"}],"version-history":[{"count":1,"href":"https:\/\/www.pgms.salvador.ba.gov.br\/portalpgms\/wp-json\/wp\/v2\/posts\/2796\/revisions"}],"predecessor-version":[{"id":2802,"href":"https:\/\/www.pgms.salvador.ba.gov.br\/portalpgms\/wp-json\/wp\/v2\/posts\/2796\/revisions\/2802"}],"wp:featuredmedia":[{"embeddable":true,"href":"https:\/\/www.pgms.salvador.ba.gov.br\/portalpgms\/wp-json\/wp\/v2\/media\/2800"}],"wp:attachment":[{"href":"https:\/\/www.pgms.salvador.ba.gov.br\/portalpgms\/wp-json\/wp\/v2\/media?parent=2796"}],"wp:term":[{"taxonomy":"category","embeddable":true,"href":"https:\/\/www.pgms.salvador.ba.gov.br\/portalpgms\/wp-json\/wp\/v2\/categories?post=2796"},{"taxonomy":"post_tag","embeddable":true,"href":"https:\/\/www.pgms.salvador.ba.gov.br\/portalpgms\/wp-json\/wp\/v2\/tags?post=2796"}],"curies":[{"name":"wp","href":"https:\/\/api.w.org\/{rel}","templated":true}]}}