{"id":2620,"date":"2022-11-01T15:33:18","date_gmt":"2022-11-01T18:33:18","guid":{"rendered":"https:\/\/www.pgms.salvador.ba.gov.br\/portalpgms\/?p=2620"},"modified":"2022-11-01T15:33:18","modified_gmt":"2022-11-01T18:33:18","slug":"campanha-novembro-azul","status":"publish","type":"post","link":"https:\/\/www.pgms.salvador.ba.gov.br\/portalpgms\/blog\/2022\/11\/01\/campanha-novembro-azul\/","title":{"rendered":"Campanha Novembro Azul"},"content":{"rendered":"<p>A\u00a0Procuradoria Geral do Munic\u00edpio de Salvador adere, durante este m\u00eas, \u00e0 campanha &#8220;Novembro Azul&#8221;, que tem como objetivo informar e conscientizar a popula\u00e7\u00e3o sobre a preven\u00e7\u00e3o e diagn\u00f3stico precoce do C\u00e2ncer de Pr\u00f3stata, para a preserva\u00e7\u00e3o da sa\u00fade e da vida do p\u00fablico masculino.<\/p>\n<p>O Novembro Azul teve in\u00edcio na Austr\u00e1lia, em 2003, em refer\u00eancia ao Dia Mundial de Combate ao C\u00e2ncer de Pr\u00f3stata, comemorado em 17 de Novembro. No Brasil a campanha chegou atrav\u00e9s do movimento \u201cUm Toque, Um Drible\u201d, do Instituto Lado a Lado pela Vida, centrado na quest\u00e3o da preven\u00e7\u00e3o e do diagn\u00f3stico precoce do C\u00e2ncer de Pr\u00f3stata. A PGMS tamb\u00e9m apoia esta causa em favor da sa\u00fade e da vida do homem!<\/p>\n<p>&nbsp;<\/p>\n<p><img loading=\"lazy\" decoding=\"async\" class=\"size-medium wp-image-2621 aligncenter\" src=\"https:\/\/www.pgms.salvador.ba.gov.br\/portalpgms\/wp-content\/uploads\/2022\/11\/Card-PGMS-IntranetPortal-2\u00b0-semestre-18-640x515.png\" alt=\"\" width=\"640\" height=\"515\" srcset=\"https:\/\/www.pgms.salvador.ba.gov.br\/portalpgms\/wp-content\/uploads\/2022\/11\/Card-PGMS-IntranetPortal-2\u00b0-semestre-18-640x515.png 640w, https:\/\/www.pgms.salvador.ba.gov.br\/portalpgms\/wp-content\/uploads\/2022\/11\/Card-PGMS-IntranetPortal-2\u00b0-semestre-18-480x386.png 480w, https:\/\/www.pgms.salvador.ba.gov.br\/portalpgms\/wp-content\/uploads\/2022\/11\/Card-PGMS-IntranetPortal-2\u00b0-semestre-18-768x618.png 768w, https:\/\/www.pgms.salvador.ba.gov.br\/portalpgms\/wp-content\/uploads\/2022\/11\/Card-PGMS-IntranetPortal-2\u00b0-semestre-18.png 950w\" sizes=\"auto, (max-width: 640px) 100vw, 640px\" \/><\/p>\n","protected":false},"excerpt":{"rendered":"<p>A\u00a0Procuradoria Geral do Munic\u00edpio de Salvador adere, durante este m\u00eas, \u00e0 campanha &#8220;Novembro Azul&#8221;, que tem como objetivo informar e conscientizar a popula\u00e7\u00e3o sobre a preven\u00e7\u00e3o e diagn\u00f3stico precoce do C\u00e2ncer de Pr\u00f3stata, para a preserva\u00e7\u00e3o da sa\u00fade e da vida do p\u00fablico masculino. O&#8230;<\/p>\n","protected":false},"author":12,"featured_media":2621,"comment_status":"open","ping_status":"open","sticky":false,"template":"","format":"standard","meta":{"footnotes":""},"categories":[390,383,1],"tags":[],"class_list":["post-2620","post","type-post","status-publish","format-standard","has-post-thumbnail","hentry","category-campanha","category-novembro-azul","category-sem-categoria"],"_links":{"self":[{"href":"https:\/\/www.pgms.salvador.ba.gov.br\/portalpgms\/wp-json\/wp\/v2\/posts\/2620","targetHints":{"allow":["GET"]}}],"collection":[{"href":"https:\/\/www.pgms.salvador.ba.gov.br\/portalpgms\/wp-json\/wp\/v2\/posts"}],"about":[{"href":"https:\/\/www.pgms.salvador.ba.gov.br\/portalpgms\/wp-json\/wp\/v2\/types\/post"}],"author":[{"embeddable":true,"href":"https:\/\/www.pgms.salvador.ba.gov.br\/portalpgms\/wp-json\/wp\/v2\/users\/12"}],"replies":[{"embeddable":true,"href":"https:\/\/www.pgms.salvador.ba.gov.br\/portalpgms\/wp-json\/wp\/v2\/comments?post=2620"}],"version-history":[{"count":2,"href":"https:\/\/www.pgms.salvador.ba.gov.br\/portalpgms\/wp-json\/wp\/v2\/posts\/2620\/revisions"}],"predecessor-version":[{"id":2623,"href":"https:\/\/www.pgms.salvador.ba.gov.br\/portalpgms\/wp-json\/wp\/v2\/posts\/2620\/revisions\/2623"}],"wp:featuredmedia":[{"embeddable":true,"href":"https:\/\/www.pgms.salvador.ba.gov.br\/portalpgms\/wp-json\/wp\/v2\/media\/2621"}],"wp:attachment":[{"href":"https:\/\/www.pgms.salvador.ba.gov.br\/portalpgms\/wp-json\/wp\/v2\/media?parent=2620"}],"wp:term":[{"taxonomy":"category","embeddable":true,"href":"https:\/\/www.pgms.salvador.ba.gov.br\/portalpgms\/wp-json\/wp\/v2\/categories?post=2620"},{"taxonomy":"post_tag","embeddable":true,"href":"https:\/\/www.pgms.salvador.ba.gov.br\/portalpgms\/wp-json\/wp\/v2\/tags?post=2620"}],"curies":[{"name":"wp","href":"https:\/\/api.w.org\/{rel}","templated":true}]}}