{"id":2605,"date":"2022-10-25T19:05:13","date_gmt":"2022-10-25T22:05:13","guid":{"rendered":"https:\/\/www.pgms.salvador.ba.gov.br\/portalpgms\/?p=2605"},"modified":"2022-10-25T19:05:13","modified_gmt":"2022-10-25T22:05:13","slug":"apresentacao-das-funcionalidades-do-siap","status":"publish","type":"post","link":"https:\/\/www.pgms.salvador.ba.gov.br\/portalpgms\/blog\/2022\/10\/25\/apresentacao-das-funcionalidades-do-siap\/","title":{"rendered":"Apresenta\u00e7\u00e3o das funcionalidades do SIAP"},"content":{"rendered":"<p>A Procuradoria Geral do Munic\u00edpio de Salvador promoveu, na manh\u00e3 desta ter\u00e7a-feira (25), reuni\u00e3o com o N\u00facleo de Tecnologia da Informa\u00e7\u00e3o (NTI) e a Secretaria Municipal da Fazenda de Salvador (SEFAZ) para apresentar as novas funcionalidades que existem no perfil de consulta no Sistema de Acompanhamento de Processos (SIAP).<\/p>\n<p>Roberto Rander, colaborador do NTI, ressaltou: \u201cAl\u00e9m de poder gerar um relat\u00f3rio de baixas por compensa\u00e7\u00e3o tribut\u00e1ria pela quest\u00e3o do per\u00edodo, agora eles tamb\u00e9m podem utilizar filtros de pesquisa, como CPF, CNPJ, nome do contribuinte ou o processo administrativo envolvido na compensa\u00e7\u00e3o tribut\u00e1ria, tornando mais r\u00e1pido e funcional essa busca de informa\u00e7\u00f5es.\u201d Destacou, ainda, que novas demandas de atualiza\u00e7\u00f5es da plataforma podem estar surgindo, buscando sempre a melhoria dos servi\u00e7os prestados.<\/p>\n<p><img loading=\"lazy\" decoding=\"async\" class=\"alignnone size-full wp-image-2609\" src=\"https:\/\/www.pgms.salvador.ba.gov.br\/portalpgms\/wp-content\/uploads\/2022\/10\/reuniao-1.png\" alt=\"\" width=\"292\" height=\"235\" \/>\u00a0\u00a0<img loading=\"lazy\" decoding=\"async\" class=\"alignnone size-full wp-image-2607\" src=\"https:\/\/www.pgms.salvador.ba.gov.br\/portalpgms\/wp-content\/uploads\/2022\/10\/reuniao.png\" alt=\"\" width=\"292\" height=\"235\" \/><\/p>\n","protected":false},"excerpt":{"rendered":"<p>A Procuradoria Geral do Munic\u00edpio de Salvador promoveu, na manh\u00e3 desta ter\u00e7a-feira (25), reuni\u00e3o com o N\u00facleo de Tecnologia da Informa\u00e7\u00e3o (NTI) e a Secretaria Municipal da Fazenda de Salvador (SEFAZ) para apresentar as novas funcionalidades que existem no perfil de consulta no Sistema de&#8230;<\/p>\n","protected":false},"author":12,"featured_media":2606,"comment_status":"open","ping_status":"open","sticky":false,"template":"","format":"standard","meta":{"footnotes":""},"categories":[260],"tags":[],"class_list":["post-2605","post","type-post","status-publish","format-standard","has-post-thumbnail","hentry","category-processos"],"_links":{"self":[{"href":"https:\/\/www.pgms.salvador.ba.gov.br\/portalpgms\/wp-json\/wp\/v2\/posts\/2605","targetHints":{"allow":["GET"]}}],"collection":[{"href":"https:\/\/www.pgms.salvador.ba.gov.br\/portalpgms\/wp-json\/wp\/v2\/posts"}],"about":[{"href":"https:\/\/www.pgms.salvador.ba.gov.br\/portalpgms\/wp-json\/wp\/v2\/types\/post"}],"author":[{"embeddable":true,"href":"https:\/\/www.pgms.salvador.ba.gov.br\/portalpgms\/wp-json\/wp\/v2\/users\/12"}],"replies":[{"embeddable":true,"href":"https:\/\/www.pgms.salvador.ba.gov.br\/portalpgms\/wp-json\/wp\/v2\/comments?post=2605"}],"version-history":[{"count":5,"href":"https:\/\/www.pgms.salvador.ba.gov.br\/portalpgms\/wp-json\/wp\/v2\/posts\/2605\/revisions"}],"predecessor-version":[{"id":2613,"href":"https:\/\/www.pgms.salvador.ba.gov.br\/portalpgms\/wp-json\/wp\/v2\/posts\/2605\/revisions\/2613"}],"wp:featuredmedia":[{"embeddable":true,"href":"https:\/\/www.pgms.salvador.ba.gov.br\/portalpgms\/wp-json\/wp\/v2\/media\/2606"}],"wp:attachment":[{"href":"https:\/\/www.pgms.salvador.ba.gov.br\/portalpgms\/wp-json\/wp\/v2\/media?parent=2605"}],"wp:term":[{"taxonomy":"category","embeddable":true,"href":"https:\/\/www.pgms.salvador.ba.gov.br\/portalpgms\/wp-json\/wp\/v2\/categories?post=2605"},{"taxonomy":"post_tag","embeddable":true,"href":"https:\/\/www.pgms.salvador.ba.gov.br\/portalpgms\/wp-json\/wp\/v2\/tags?post=2605"}],"curies":[{"name":"wp","href":"https:\/\/api.w.org\/{rel}","templated":true}]}}