{"id":2569,"date":"2022-08-26T22:06:50","date_gmt":"2022-08-27T01:06:50","guid":{"rendered":"https:\/\/www.pgms.salvador.ba.gov.br\/portalpgms\/?p=2569"},"modified":"2022-08-30T22:14:38","modified_gmt":"2022-08-31T01:14:38","slug":"dia-internacional-da-declaracao-dos-direitos-do-homem-e-do-cidadao","status":"publish","type":"post","link":"https:\/\/www.pgms.salvador.ba.gov.br\/portalpgms\/blog\/2022\/08\/26\/dia-internacional-da-declaracao-dos-direitos-do-homem-e-do-cidadao\/","title":{"rendered":"Dia Internacional da Declara\u00e7\u00e3o dos Direitos do Homem e do Cidad\u00e3o"},"content":{"rendered":"<p>Em 26 de Agosto celebra-se o Dia Internacional da Declara\u00e7\u00e3o dos Direitos do Homem e do Cidad\u00e3o, aprovada pela Assembleia Nacional Constituinte em 26 de agosto de 1789, durante a Revolu\u00e7\u00e3o Francesa, defendendo a liberdade, a igualdade e os direitos fundamentais como ideais universais. Um verdadeiro marco para a democracia que temos hoje. A Procuradoria Geral continua defendendo a democracia e implementando a legisla\u00e7\u00e3o em seu cotidiano.<\/p>\n","protected":false},"excerpt":{"rendered":"<p>Em 26 de Agosto celebra-se o Dia Internacional da Declara\u00e7\u00e3o dos Direitos do Homem e do Cidad\u00e3o, aprovada pela Assembleia Nacional Constituinte em 26 de agosto de 1789, durante a Revolu\u00e7\u00e3o Francesa, defendendo a liberdade, a igualdade e os direitos fundamentais como ideais universais. Um&#8230;<\/p>\n","protected":false},"author":1,"featured_media":2570,"comment_status":"open","ping_status":"open","sticky":false,"template":"","format":"standard","meta":{"footnotes":""},"categories":[1],"tags":[],"class_list":["post-2569","post","type-post","status-publish","format-standard","has-post-thumbnail","hentry","category-sem-categoria"],"_links":{"self":[{"href":"https:\/\/www.pgms.salvador.ba.gov.br\/portalpgms\/wp-json\/wp\/v2\/posts\/2569","targetHints":{"allow":["GET"]}}],"collection":[{"href":"https:\/\/www.pgms.salvador.ba.gov.br\/portalpgms\/wp-json\/wp\/v2\/posts"}],"about":[{"href":"https:\/\/www.pgms.salvador.ba.gov.br\/portalpgms\/wp-json\/wp\/v2\/types\/post"}],"author":[{"embeddable":true,"href":"https:\/\/www.pgms.salvador.ba.gov.br\/portalpgms\/wp-json\/wp\/v2\/users\/1"}],"replies":[{"embeddable":true,"href":"https:\/\/www.pgms.salvador.ba.gov.br\/portalpgms\/wp-json\/wp\/v2\/comments?post=2569"}],"version-history":[{"count":1,"href":"https:\/\/www.pgms.salvador.ba.gov.br\/portalpgms\/wp-json\/wp\/v2\/posts\/2569\/revisions"}],"predecessor-version":[{"id":2571,"href":"https:\/\/www.pgms.salvador.ba.gov.br\/portalpgms\/wp-json\/wp\/v2\/posts\/2569\/revisions\/2571"}],"wp:featuredmedia":[{"embeddable":true,"href":"https:\/\/www.pgms.salvador.ba.gov.br\/portalpgms\/wp-json\/wp\/v2\/media\/2570"}],"wp:attachment":[{"href":"https:\/\/www.pgms.salvador.ba.gov.br\/portalpgms\/wp-json\/wp\/v2\/media?parent=2569"}],"wp:term":[{"taxonomy":"category","embeddable":true,"href":"https:\/\/www.pgms.salvador.ba.gov.br\/portalpgms\/wp-json\/wp\/v2\/categories?post=2569"},{"taxonomy":"post_tag","embeddable":true,"href":"https:\/\/www.pgms.salvador.ba.gov.br\/portalpgms\/wp-json\/wp\/v2\/tags?post=2569"}],"curies":[{"name":"wp","href":"https:\/\/api.w.org\/{rel}","templated":true}]}}