{"id":2261,"date":"2021-11-19T13:45:27","date_gmt":"2021-11-19T16:45:27","guid":{"rendered":"https:\/\/www.pgms.salvador.ba.gov.br\/portalpgms\/?p=2261"},"modified":"2021-11-19T13:45:27","modified_gmt":"2021-11-19T16:45:27","slug":"procuradora-baiana-fala-sobre-antirracismo-no-ii-congresso-brasileiro-virtual-de-procuradores-municipais-cbvpm","status":"publish","type":"post","link":"https:\/\/www.pgms.salvador.ba.gov.br\/portalpgms\/blog\/2021\/11\/19\/procuradora-baiana-fala-sobre-antirracismo-no-ii-congresso-brasileiro-virtual-de-procuradores-municipais-cbvpm\/","title":{"rendered":"Procuradora baiana fala sobre &#8220;Antirracismo&#8221; no II Congresso Brasileiro Virtual de Procuradores Municipais (CBVPM)"},"content":{"rendered":"<p>A Procuradoria Geral do Munic\u00edpio de Salvador vai participar do II Congresso Brasileiro dos Procuradores Municipais (CBVPM), que se realiza entre os dias 23 e 26 de novembro. A procuradora Lilian Azevedo vai falar sobre dois temas importantes, o &#8220;Antirracismo&#8221;, palestra que ser\u00e1 realizada no dia 23 de novembro, a partir das 13h00. E sobre &#8220;Parcerias com organiza\u00e7\u00f5es da sociedade civil: papel dos Procuradores Municipais na implementa\u00e7\u00e3o do MROSC&#8221;, no dia 25 de novembro, a partir das 18h00. L\u00edlian Azevedo \u00e9 vice-presidente da Associa\u00e7\u00e3o Procuradores do Munic\u00edpio do Salvador (APMS).<br \/>\nO II Congresso Brasileiro Virtual de Procuradores Municipais (CBVPM) ser\u00e1 virtual, em fun\u00e7\u00e3o dos cuidados com a Covid-19. Esse ano o tema principal \u00e9 a &#8220;Procuradoria municipal em tempos de crise: Inova\u00e7\u00e3o, desafios e oportunidades&#8221;. O evento \u00e9 o maior encontro de advogados p\u00fablicos municipais do Brasil. Para mais informa\u00e7\u00f5es consulte o site da <a href=\"https:\/\/cbvpm.com.br\/\">https:\/\/cbvpm.com.br\/<\/a>.<\/p>\n<p>PGMS participa de homenagem no STF<\/p>\n<p>A Associa\u00e7\u00e3o Nacional dos Procuradores Municipais-ANPM concedeu o pr\u00eamio Raymundo Faoro, a maior comenda da entidade, ao presidente do Supremo Tribunal Federal, ministro Luiz Fux. O pr\u00eamio foi entregue pelo presidente da ANPM, Gustavo Machado Tavares, a vice-presidente, L\u00edlian Azevedo; e o secret\u00e1rio geral da entidade, Marcos Batistela, no Supremo Tribunal Federal-STF. O pr\u00eamio existe desde 2009 e \u00e9 concedido a pessoas que contribuem para a consolida\u00e7\u00e3o da Advocacia P\u00fablica Municipal.<\/p>\n","protected":false},"excerpt":{"rendered":"<p>A Procuradoria Geral do Munic\u00edpio de Salvador vai participar do II Congresso Brasileiro dos Procuradores Municipais (CBVPM), que se realiza entre os dias 23 e 26 de novembro. A procuradora Lilian Azevedo vai falar sobre dois temas importantes, o &#8220;Antirracismo&#8221;, palestra que ser\u00e1 realizada no&#8230;<\/p>\n","protected":false},"author":1,"featured_media":2262,"comment_status":"open","ping_status":"open","sticky":false,"template":"","format":"standard","meta":{"footnotes":""},"categories":[199],"tags":[],"class_list":["post-2261","post","type-post","status-publish","format-standard","has-post-thumbnail","hentry","category-congresso"],"_links":{"self":[{"href":"https:\/\/www.pgms.salvador.ba.gov.br\/portalpgms\/wp-json\/wp\/v2\/posts\/2261","targetHints":{"allow":["GET"]}}],"collection":[{"href":"https:\/\/www.pgms.salvador.ba.gov.br\/portalpgms\/wp-json\/wp\/v2\/posts"}],"about":[{"href":"https:\/\/www.pgms.salvador.ba.gov.br\/portalpgms\/wp-json\/wp\/v2\/types\/post"}],"author":[{"embeddable":true,"href":"https:\/\/www.pgms.salvador.ba.gov.br\/portalpgms\/wp-json\/wp\/v2\/users\/1"}],"replies":[{"embeddable":true,"href":"https:\/\/www.pgms.salvador.ba.gov.br\/portalpgms\/wp-json\/wp\/v2\/comments?post=2261"}],"version-history":[{"count":1,"href":"https:\/\/www.pgms.salvador.ba.gov.br\/portalpgms\/wp-json\/wp\/v2\/posts\/2261\/revisions"}],"predecessor-version":[{"id":2263,"href":"https:\/\/www.pgms.salvador.ba.gov.br\/portalpgms\/wp-json\/wp\/v2\/posts\/2261\/revisions\/2263"}],"wp:featuredmedia":[{"embeddable":true,"href":"https:\/\/www.pgms.salvador.ba.gov.br\/portalpgms\/wp-json\/wp\/v2\/media\/2262"}],"wp:attachment":[{"href":"https:\/\/www.pgms.salvador.ba.gov.br\/portalpgms\/wp-json\/wp\/v2\/media?parent=2261"}],"wp:term":[{"taxonomy":"category","embeddable":true,"href":"https:\/\/www.pgms.salvador.ba.gov.br\/portalpgms\/wp-json\/wp\/v2\/categories?post=2261"},{"taxonomy":"post_tag","embeddable":true,"href":"https:\/\/www.pgms.salvador.ba.gov.br\/portalpgms\/wp-json\/wp\/v2\/tags?post=2261"}],"curies":[{"name":"wp","href":"https:\/\/api.w.org\/{rel}","templated":true}]}}