{"id":2253,"date":"2021-11-04T10:48:34","date_gmt":"2021-11-04T13:48:34","guid":{"rendered":"https:\/\/www.pgms.salvador.ba.gov.br\/portalpgms\/?p=2253"},"modified":"2021-11-04T10:48:34","modified_gmt":"2021-11-04T13:48:34","slug":"nova-lei-de-licitacoes-e-contratos-pgms-participa-de-debate-sobre-compras-e-alienacoes","status":"publish","type":"post","link":"https:\/\/www.pgms.salvador.ba.gov.br\/portalpgms\/blog\/2021\/11\/04\/nova-lei-de-licitacoes-e-contratos-pgms-participa-de-debate-sobre-compras-e-alienacoes\/","title":{"rendered":"Nova lei de licita\u00e7\u00f5es e contratos: PGMS participa de debate sobre compras e aliena\u00e7\u00f5es"},"content":{"rendered":"<p>A Procuradoria Geral do Munic\u00edpio do Salvador (PGMS) participou, na manh\u00e3 de hoje (03\/11), do Ciclo de Debates da Nova Lei de Licita\u00e7\u00f5es de Contratos. O d\u00e9cimo segundo debate do ciclo, promovido pela Secretaria Municipal de Gest\u00e3o (SEMGE), abordou o tema &#8220;Compras e Aliena\u00e7\u00f5es&#8221;.<\/p>\n<p>O encontro teve como debatedor o procurador do munic\u00edpio de Salvador, Marcelo Abreu, mestre em direito administrativo. O encontro teve como palestrante o especialista em licita\u00e7\u00f5es e contratos, Jamil Manasfi, pregoeiro e coordenador de licita\u00e7\u00f5es. O debate foi mediado por Gustavo Moris, advogado e diretor de Gest\u00e3o de Pessoas na SEMGE\/PMS.<\/p>\n<p>O debate foi transmitido ao vivo pelo YouTube, no canal CDP (Coordenadoria Central de Gest\u00e3o do Desenvolvimento de Pessoas), tendo como p\u00fablico-alvo os servidores p\u00fablicos, membros de comiss\u00f5es de licita\u00e7\u00e3o, advogados e cidad\u00e3os interessados no tema.<\/p>\n","protected":false},"excerpt":{"rendered":"<p>A Procuradoria Geral do Munic\u00edpio do Salvador (PGMS) participou, na manh\u00e3 de hoje (03\/11), do Ciclo de Debates da Nova Lei de Licita\u00e7\u00f5es de Contratos. O d\u00e9cimo segundo debate do ciclo, promovido pela Secretaria Municipal de Gest\u00e3o (SEMGE), abordou o tema &#8220;Compras e Aliena\u00e7\u00f5es&#8221;. O&#8230;<\/p>\n","protected":false},"author":1,"featured_media":2254,"comment_status":"open","ping_status":"open","sticky":false,"template":"","format":"standard","meta":{"footnotes":""},"categories":[155],"tags":[],"class_list":["post-2253","post","type-post","status-publish","format-standard","has-post-thumbnail","hentry","category-eventos"],"_links":{"self":[{"href":"https:\/\/www.pgms.salvador.ba.gov.br\/portalpgms\/wp-json\/wp\/v2\/posts\/2253","targetHints":{"allow":["GET"]}}],"collection":[{"href":"https:\/\/www.pgms.salvador.ba.gov.br\/portalpgms\/wp-json\/wp\/v2\/posts"}],"about":[{"href":"https:\/\/www.pgms.salvador.ba.gov.br\/portalpgms\/wp-json\/wp\/v2\/types\/post"}],"author":[{"embeddable":true,"href":"https:\/\/www.pgms.salvador.ba.gov.br\/portalpgms\/wp-json\/wp\/v2\/users\/1"}],"replies":[{"embeddable":true,"href":"https:\/\/www.pgms.salvador.ba.gov.br\/portalpgms\/wp-json\/wp\/v2\/comments?post=2253"}],"version-history":[{"count":1,"href":"https:\/\/www.pgms.salvador.ba.gov.br\/portalpgms\/wp-json\/wp\/v2\/posts\/2253\/revisions"}],"predecessor-version":[{"id":2255,"href":"https:\/\/www.pgms.salvador.ba.gov.br\/portalpgms\/wp-json\/wp\/v2\/posts\/2253\/revisions\/2255"}],"wp:featuredmedia":[{"embeddable":true,"href":"https:\/\/www.pgms.salvador.ba.gov.br\/portalpgms\/wp-json\/wp\/v2\/media\/2254"}],"wp:attachment":[{"href":"https:\/\/www.pgms.salvador.ba.gov.br\/portalpgms\/wp-json\/wp\/v2\/media?parent=2253"}],"wp:term":[{"taxonomy":"category","embeddable":true,"href":"https:\/\/www.pgms.salvador.ba.gov.br\/portalpgms\/wp-json\/wp\/v2\/categories?post=2253"},{"taxonomy":"post_tag","embeddable":true,"href":"https:\/\/www.pgms.salvador.ba.gov.br\/portalpgms\/wp-json\/wp\/v2\/tags?post=2253"}],"curies":[{"name":"wp","href":"https:\/\/api.w.org\/{rel}","templated":true}]}}