{"id":2241,"date":"2021-10-27T17:25:12","date_gmt":"2021-10-27T20:25:12","guid":{"rendered":"https:\/\/www.pgms.salvador.ba.gov.br\/portalpgms\/?p=2241"},"modified":"2021-10-27T17:25:12","modified_gmt":"2021-10-27T20:25:12","slug":"nova-lei-de-licitacoes-e-contratos-pgms-participa-de-debate-sobre-o-poder-regulamentar-dos-estados-e-dos-municipios","status":"publish","type":"post","link":"https:\/\/www.pgms.salvador.ba.gov.br\/portalpgms\/blog\/2021\/10\/27\/nova-lei-de-licitacoes-e-contratos-pgms-participa-de-debate-sobre-o-poder-regulamentar-dos-estados-e-dos-municipios\/","title":{"rendered":"Nova lei de licita\u00e7\u00f5es e contratos: PGMS participa de debate sobre o poder regulamentar dos Estados e dos Munic\u00edpios"},"content":{"rendered":"<p>A Procuradoria Geral do Munic\u00edpio do Salvador (PGMS) participou, na manh\u00e3 de hoje (27\/10), do Ciclo de Debates da Nova Lei de Licita\u00e7\u00f5es e Contratos. O d\u00e9cimo primeiro debate do ciclo, promovido pela Secretaria Municipal de Gest\u00e3o (SEMGE), abordou o tema &#8220;O poder regulamentar dos Estados e dos Munic\u00edpios&#8221;.<\/p>\n<p>&nbsp;<\/p>\n<p><a href=\"https:\/\/www.pgms.salvador.ba.gov.br\/portalpgms\/wp-content\/uploads\/2021\/10\/intranet_portal_nova_lei_licitacao_contratos_procurador_jose_garrido-e1635366252737.jpeg\"><img loading=\"lazy\" decoding=\"async\" class=\"aligncenter  wp-image-2243\" src=\"https:\/\/www.pgms.salvador.ba.gov.br\/portalpgms\/wp-content\/uploads\/2021\/10\/intranet_portal_nova_lei_licitacao_contratos_procurador_jose_garrido-e1635366252737-480x386.jpeg\" alt=\"\" width=\"460\" height=\"370\" srcset=\"https:\/\/www.pgms.salvador.ba.gov.br\/portalpgms\/wp-content\/uploads\/2021\/10\/intranet_portal_nova_lei_licitacao_contratos_procurador_jose_garrido-e1635366252737-480x386.jpeg 480w, https:\/\/www.pgms.salvador.ba.gov.br\/portalpgms\/wp-content\/uploads\/2021\/10\/intranet_portal_nova_lei_licitacao_contratos_procurador_jose_garrido-e1635366252737-640x514.jpeg 640w, https:\/\/www.pgms.salvador.ba.gov.br\/portalpgms\/wp-content\/uploads\/2021\/10\/intranet_portal_nova_lei_licitacao_contratos_procurador_jose_garrido-e1635366252737-768x617.jpeg 768w, https:\/\/www.pgms.salvador.ba.gov.br\/portalpgms\/wp-content\/uploads\/2021\/10\/intranet_portal_nova_lei_licitacao_contratos_procurador_jose_garrido-e1635366252737.jpeg 907w\" sizes=\"auto, (max-width: 460px) 100vw, 460px\" \/><\/a><\/p>\n<p>Figurou como debatedor o procurador do munic\u00edpio de Salvador, Jos\u00e9 Ant\u00f4nio Ferreira Garrido, doutor e mestre em direito. O encontro teve como palestrante a especialista no tema Rita Tourinho, mestre em direito p\u00fablico e promotora de justi\u00e7a do Minist\u00e9rio P\u00fablico do Estado da Bahia (MPBA). O debate foi mediado pela mestre em direito, Karina Zucoloto, que tamb\u00e9m \u00e9 consultora da TV Justi\u00e7a.<\/p>\n<p>O evento foi transmitido ao vivo pelo YouTube, no canal CDP (Coordenadoria Central de Gest\u00e3o do Desenvolvimento de Pessoas), tendo como p\u00fablico-alvo os servidores p\u00fablicos, membros de comiss\u00f5es de licita\u00e7\u00e3o, advogados e cidad\u00e3os interessados no tema.<\/p>\n","protected":false},"excerpt":{"rendered":"<p>A Procuradoria Geral do Munic\u00edpio do Salvador (PGMS) participou, na manh\u00e3 de hoje (27\/10), do Ciclo de Debates da Nova Lei de Licita\u00e7\u00f5es e Contratos. O d\u00e9cimo primeiro debate do ciclo, promovido pela Secretaria Municipal de Gest\u00e3o (SEMGE), abordou o tema &#8220;O poder regulamentar dos&#8230;<\/p>\n","protected":false},"author":1,"featured_media":2242,"comment_status":"open","ping_status":"open","sticky":false,"template":"","format":"standard","meta":{"footnotes":""},"categories":[1],"tags":[],"class_list":["post-2241","post","type-post","status-publish","format-standard","has-post-thumbnail","hentry","category-sem-categoria"],"_links":{"self":[{"href":"https:\/\/www.pgms.salvador.ba.gov.br\/portalpgms\/wp-json\/wp\/v2\/posts\/2241","targetHints":{"allow":["GET"]}}],"collection":[{"href":"https:\/\/www.pgms.salvador.ba.gov.br\/portalpgms\/wp-json\/wp\/v2\/posts"}],"about":[{"href":"https:\/\/www.pgms.salvador.ba.gov.br\/portalpgms\/wp-json\/wp\/v2\/types\/post"}],"author":[{"embeddable":true,"href":"https:\/\/www.pgms.salvador.ba.gov.br\/portalpgms\/wp-json\/wp\/v2\/users\/1"}],"replies":[{"embeddable":true,"href":"https:\/\/www.pgms.salvador.ba.gov.br\/portalpgms\/wp-json\/wp\/v2\/comments?post=2241"}],"version-history":[{"count":1,"href":"https:\/\/www.pgms.salvador.ba.gov.br\/portalpgms\/wp-json\/wp\/v2\/posts\/2241\/revisions"}],"predecessor-version":[{"id":2244,"href":"https:\/\/www.pgms.salvador.ba.gov.br\/portalpgms\/wp-json\/wp\/v2\/posts\/2241\/revisions\/2244"}],"wp:featuredmedia":[{"embeddable":true,"href":"https:\/\/www.pgms.salvador.ba.gov.br\/portalpgms\/wp-json\/wp\/v2\/media\/2242"}],"wp:attachment":[{"href":"https:\/\/www.pgms.salvador.ba.gov.br\/portalpgms\/wp-json\/wp\/v2\/media?parent=2241"}],"wp:term":[{"taxonomy":"category","embeddable":true,"href":"https:\/\/www.pgms.salvador.ba.gov.br\/portalpgms\/wp-json\/wp\/v2\/categories?post=2241"},{"taxonomy":"post_tag","embeddable":true,"href":"https:\/\/www.pgms.salvador.ba.gov.br\/portalpgms\/wp-json\/wp\/v2\/tags?post=2241"}],"curies":[{"name":"wp","href":"https:\/\/api.w.org\/{rel}","templated":true}]}}