{"id":2231,"date":"2021-10-07T17:01:05","date_gmt":"2021-10-07T20:01:05","guid":{"rendered":"https:\/\/www.pgms.salvador.ba.gov.br\/portalpgms\/?p=2231"},"modified":"2021-10-07T17:01:46","modified_gmt":"2021-10-07T20:01:46","slug":"pgms-realiza-acao-outubro-rosa-mes-de-prevencao-ao-cancer-de-mama-e-o-de-colo-de-utero","status":"publish","type":"post","link":"https:\/\/www.pgms.salvador.ba.gov.br\/portalpgms\/blog\/2021\/10\/07\/pgms-realiza-acao-outubro-rosa-mes-de-prevencao-ao-cancer-de-mama-e-o-de-colo-de-utero\/","title":{"rendered":"PGMS realiza a\u00e7\u00e3o \u2013 outubro rosa M\u00eas de preven\u00e7\u00e3o ao c\u00e2ncer de mama e o de colo de \u00fatero"},"content":{"rendered":"<p>A Procuradoria Geral do Munic\u00edpio do Salvador \u2013 PGMS, realiza durante este m\u00eas a a\u00e7\u00e3o \u201cOutubro Rosa\u201d m\u00eas de preven\u00e7\u00e3o ao c\u00e2ncer de mama e o de colo de \u00fatero, com o objetivo de realizar uma discuss\u00e3o sobre a tem\u00e1tica, em decorr\u00eancia do aumento de percentual de mulheres diagnosticadas com o c\u00e2ncer de mama nos \u00faltimos anos no Brasil.<\/p>\n<p>&nbsp;<\/p>\n<p><a href=\"https:\/\/www.pgms.salvador.ba.gov.br\/portalpgms\/wp-content\/uploads\/2021\/10\/outubro_rosa_2021_massagem1.jpeg\"><img loading=\"lazy\" decoding=\"async\" class=\"aligncenter size-thumbnail wp-image-2233\" src=\"https:\/\/www.pgms.salvador.ba.gov.br\/portalpgms\/wp-content\/uploads\/2021\/10\/outubro_rosa_2021_massagem1-480x480.jpeg\" alt=\"\" width=\"480\" height=\"480\" srcset=\"https:\/\/www.pgms.salvador.ba.gov.br\/portalpgms\/wp-content\/uploads\/2021\/10\/outubro_rosa_2021_massagem1-480x480.jpeg 480w, https:\/\/www.pgms.salvador.ba.gov.br\/portalpgms\/wp-content\/uploads\/2021\/10\/outubro_rosa_2021_massagem1-640x640.jpeg 640w, https:\/\/www.pgms.salvador.ba.gov.br\/portalpgms\/wp-content\/uploads\/2021\/10\/outubro_rosa_2021_massagem1-768x768.jpeg 768w, https:\/\/www.pgms.salvador.ba.gov.br\/portalpgms\/wp-content\/uploads\/2021\/10\/outubro_rosa_2021_massagem1-1024x1024.jpeg 1024w, https:\/\/www.pgms.salvador.ba.gov.br\/portalpgms\/wp-content\/uploads\/2021\/10\/outubro_rosa_2021_massagem1-650x650.jpeg 650w, https:\/\/www.pgms.salvador.ba.gov.br\/portalpgms\/wp-content\/uploads\/2021\/10\/outubro_rosa_2021_massagem1.jpeg 1080w\" sizes=\"auto, (max-width: 480px) 100vw, 480px\" \/><\/a><a href=\"https:\/\/www.pgms.salvador.ba.gov.br\/portalpgms\/wp-content\/uploads\/2021\/10\/outubro_rosa_2021_massagem2.jpeg\"><img loading=\"lazy\" decoding=\"async\" class=\"aligncenter size-thumbnail wp-image-2234\" src=\"https:\/\/www.pgms.salvador.ba.gov.br\/portalpgms\/wp-content\/uploads\/2021\/10\/outubro_rosa_2021_massagem2-480x480.jpeg\" alt=\"\" width=\"480\" height=\"480\" srcset=\"https:\/\/www.pgms.salvador.ba.gov.br\/portalpgms\/wp-content\/uploads\/2021\/10\/outubro_rosa_2021_massagem2-480x480.jpeg 480w, https:\/\/www.pgms.salvador.ba.gov.br\/portalpgms\/wp-content\/uploads\/2021\/10\/outubro_rosa_2021_massagem2-640x640.jpeg 640w, https:\/\/www.pgms.salvador.ba.gov.br\/portalpgms\/wp-content\/uploads\/2021\/10\/outubro_rosa_2021_massagem2-768x768.jpeg 768w, https:\/\/www.pgms.salvador.ba.gov.br\/portalpgms\/wp-content\/uploads\/2021\/10\/outubro_rosa_2021_massagem2-1024x1024.jpeg 1024w, https:\/\/www.pgms.salvador.ba.gov.br\/portalpgms\/wp-content\/uploads\/2021\/10\/outubro_rosa_2021_massagem2-650x650.jpeg 650w, https:\/\/www.pgms.salvador.ba.gov.br\/portalpgms\/wp-content\/uploads\/2021\/10\/outubro_rosa_2021_massagem2.jpeg 1080w\" sizes=\"auto, (max-width: 480px) 100vw, 480px\" \/><\/a><\/p>\n<p>&nbsp;<\/p>\n<p>No contexto deste m\u00eas a PGMS recebeu o apoio de um dos seus colaboradores, o Sr. Adenilson Lima que, de maneira sens\u00edvel e visando o est\u00edmulo para a a\u00e7\u00e3o, est\u00e1 realizando os servi\u00e7os de massagem para redu\u00e7\u00e3o do estresse, sendo realizada exclusivamente para colaboradores da PGMS.<\/p>\n<p>A atividade visa realizar o est\u00edmulo da circula\u00e7\u00e3o sangu\u00ednea e, dessa forma, o fortalecimento do sistema imunol\u00f3gico, possibilitando melhorar a elimina\u00e7\u00e3o de subst\u00e2ncias qu\u00edmicas mal\u00e9ficas para o organismo.<\/p>\n<p>Os servi\u00e7os s\u00e3o agendados diretamente com o colaborador que far\u00e1 de forma gratuita durante este m\u00eas de outubro de 12h \u00e0s 13h, com sess\u00f5es de 10 minutos.<\/p>\n<p>Buscando a preven\u00e7\u00e3o do c\u00e2ncer a mulher deve realizar a pr\u00e1tica de atividade f\u00edsica regularmente, a ingest\u00e3o de alimentos saud\u00e1veis, evitar o consumo de bebida alco\u00f3lica e o uso de cigarro. Al\u00e9m disso, deve ter o acompanhamento m\u00e9dico para a realiza\u00e7\u00e3o de exames cl\u00ednicos, mamografia e o exerc\u00edcio do auto exame de rotina.<\/p>\n","protected":false},"excerpt":{"rendered":"<p>A Procuradoria Geral do Munic\u00edpio do Salvador \u2013 PGMS, realiza durante este m\u00eas a a\u00e7\u00e3o \u201cOutubro Rosa\u201d m\u00eas de preven\u00e7\u00e3o ao c\u00e2ncer de mama e o de colo de \u00fatero, com o objetivo de realizar uma discuss\u00e3o sobre a tem\u00e1tica, em decorr\u00eancia do aumento de&#8230;<\/p>\n","protected":false},"author":1,"featured_media":2232,"comment_status":"open","ping_status":"open","sticky":false,"template":"","format":"standard","meta":{"footnotes":""},"categories":[382],"tags":[],"class_list":["post-2231","post","type-post","status-publish","format-standard","has-post-thumbnail","hentry","category-outubro-rosa"],"_links":{"self":[{"href":"https:\/\/www.pgms.salvador.ba.gov.br\/portalpgms\/wp-json\/wp\/v2\/posts\/2231","targetHints":{"allow":["GET"]}}],"collection":[{"href":"https:\/\/www.pgms.salvador.ba.gov.br\/portalpgms\/wp-json\/wp\/v2\/posts"}],"about":[{"href":"https:\/\/www.pgms.salvador.ba.gov.br\/portalpgms\/wp-json\/wp\/v2\/types\/post"}],"author":[{"embeddable":true,"href":"https:\/\/www.pgms.salvador.ba.gov.br\/portalpgms\/wp-json\/wp\/v2\/users\/1"}],"replies":[{"embeddable":true,"href":"https:\/\/www.pgms.salvador.ba.gov.br\/portalpgms\/wp-json\/wp\/v2\/comments?post=2231"}],"version-history":[{"count":2,"href":"https:\/\/www.pgms.salvador.ba.gov.br\/portalpgms\/wp-json\/wp\/v2\/posts\/2231\/revisions"}],"predecessor-version":[{"id":2236,"href":"https:\/\/www.pgms.salvador.ba.gov.br\/portalpgms\/wp-json\/wp\/v2\/posts\/2231\/revisions\/2236"}],"wp:featuredmedia":[{"embeddable":true,"href":"https:\/\/www.pgms.salvador.ba.gov.br\/portalpgms\/wp-json\/wp\/v2\/media\/2232"}],"wp:attachment":[{"href":"https:\/\/www.pgms.salvador.ba.gov.br\/portalpgms\/wp-json\/wp\/v2\/media?parent=2231"}],"wp:term":[{"taxonomy":"category","embeddable":true,"href":"https:\/\/www.pgms.salvador.ba.gov.br\/portalpgms\/wp-json\/wp\/v2\/categories?post=2231"},{"taxonomy":"post_tag","embeddable":true,"href":"https:\/\/www.pgms.salvador.ba.gov.br\/portalpgms\/wp-json\/wp\/v2\/tags?post=2231"}],"curies":[{"name":"wp","href":"https:\/\/api.w.org\/{rel}","templated":true}]}}