{"id":2227,"date":"2021-10-05T12:55:32","date_gmt":"2021-10-05T15:55:32","guid":{"rendered":"https:\/\/www.pgms.salvador.ba.gov.br\/portalpgms\/?p=2227"},"modified":"2021-10-06T12:58:32","modified_gmt":"2021-10-06T15:58:32","slug":"pgms-e-mp-discutem-acoes-de-transporte-e-mobilidade-urbana-para-salvador","status":"publish","type":"post","link":"https:\/\/www.pgms.salvador.ba.gov.br\/portalpgms\/blog\/2021\/10\/05\/pgms-e-mp-discutem-acoes-de-transporte-e-mobilidade-urbana-para-salvador\/","title":{"rendered":"PGMS e MP discutem a\u00e7\u00f5es de transporte e mobilidade urbana para Salvador."},"content":{"rendered":"<p>A Procuradoria-Geral do Munic\u00edpio do Salvador \u2013 PGMS participou, na manh\u00e3 de ontem (04\/10), de reuni\u00e3o de trabalho com os representantes do Minist\u00e9rio P\u00fablico do Estado da Bahia \u2013 MP para discutir poss\u00edveis a\u00e7\u00f5es de melhoria de transporte e mobilidade urbana em Salvador.<\/p>\n<p>A reuni\u00e3o buscou definir a\u00e7\u00f5es que possam ser implementadas no sistema de transporte p\u00fablico do munic\u00edpio de Salvador, visando melhorar a qualidade do servi\u00e7o prestado e garantir a seguran\u00e7a dos passageiros. Os procuradores do Munic\u00edpio refor\u00e7aram o papel da procuradoria na defesa dos direitos dos cidad\u00e3os de Salvador.<\/p>\n<p>O encontro, que ocorreu na sede da Procuradoria-Geral de Justi\u00e7a-PGJ, no Centro Administrativo da Bahia \u2013 CAB, contou com a participa\u00e7\u00e3o do subprocurador-geral do Munic\u00edpio, Eduardo Vaz Porto; e da procuradora-geral de Justi\u00e7a, Norma Cavalcanti.<\/p>\n<p>Tamb\u00e9m estiveram presentes na reuni\u00e3o de alinhamento os procuradores do Munic\u00edpio de Salvador F\u00e1bio Brito e Mateus Galdino, respectivamente, chefe da representa\u00e7\u00e3o na Secretaria de Mobilidade Urbana e assessor do gabinete da PGMS.<\/p>\n<p>Pelo Minist\u00e9rio P\u00fablico da Bahia, tamb\u00e9m participaram ativamente das discuss\u00f5es a procuradora-geral de Justi\u00e7a adjunta para assuntos jur\u00eddicos, Wanda Valbiraci, e os Promotores de Justi\u00e7a Pedro Maia, chefe de gabinete da PGJ, Patr\u00edcia Mattos, assessora especial da PGJ e Solon Dias, coordenador do Centro de Apoio \u00e0s Promotorias de Justi\u00e7a do Consumidor (Ceacon).<\/p>\n","protected":false},"excerpt":{"rendered":"<p>A Procuradoria-Geral do Munic\u00edpio do Salvador \u2013 PGMS participou, na manh\u00e3 de ontem (04\/10), de reuni\u00e3o de trabalho com os representantes do Minist\u00e9rio P\u00fablico do Estado da Bahia \u2013 MP para discutir poss\u00edveis a\u00e7\u00f5es de melhoria de transporte e mobilidade urbana em Salvador. A reuni\u00e3o&#8230;<\/p>\n","protected":false},"author":1,"featured_media":2228,"comment_status":"open","ping_status":"open","sticky":false,"template":"","format":"standard","meta":{"footnotes":""},"categories":[1],"tags":[],"class_list":["post-2227","post","type-post","status-publish","format-standard","has-post-thumbnail","hentry","category-sem-categoria"],"_links":{"self":[{"href":"https:\/\/www.pgms.salvador.ba.gov.br\/portalpgms\/wp-json\/wp\/v2\/posts\/2227","targetHints":{"allow":["GET"]}}],"collection":[{"href":"https:\/\/www.pgms.salvador.ba.gov.br\/portalpgms\/wp-json\/wp\/v2\/posts"}],"about":[{"href":"https:\/\/www.pgms.salvador.ba.gov.br\/portalpgms\/wp-json\/wp\/v2\/types\/post"}],"author":[{"embeddable":true,"href":"https:\/\/www.pgms.salvador.ba.gov.br\/portalpgms\/wp-json\/wp\/v2\/users\/1"}],"replies":[{"embeddable":true,"href":"https:\/\/www.pgms.salvador.ba.gov.br\/portalpgms\/wp-json\/wp\/v2\/comments?post=2227"}],"version-history":[{"count":1,"href":"https:\/\/www.pgms.salvador.ba.gov.br\/portalpgms\/wp-json\/wp\/v2\/posts\/2227\/revisions"}],"predecessor-version":[{"id":2229,"href":"https:\/\/www.pgms.salvador.ba.gov.br\/portalpgms\/wp-json\/wp\/v2\/posts\/2227\/revisions\/2229"}],"wp:featuredmedia":[{"embeddable":true,"href":"https:\/\/www.pgms.salvador.ba.gov.br\/portalpgms\/wp-json\/wp\/v2\/media\/2228"}],"wp:attachment":[{"href":"https:\/\/www.pgms.salvador.ba.gov.br\/portalpgms\/wp-json\/wp\/v2\/media?parent=2227"}],"wp:term":[{"taxonomy":"category","embeddable":true,"href":"https:\/\/www.pgms.salvador.ba.gov.br\/portalpgms\/wp-json\/wp\/v2\/categories?post=2227"},{"taxonomy":"post_tag","embeddable":true,"href":"https:\/\/www.pgms.salvador.ba.gov.br\/portalpgms\/wp-json\/wp\/v2\/tags?post=2227"}],"curies":[{"name":"wp","href":"https:\/\/api.w.org\/{rel}","templated":true}]}}