{"id":1853,"date":"2019-12-04T14:37:41","date_gmt":"2019-12-04T17:37:41","guid":{"rendered":"https:\/\/www.pgms.salvador.ba.gov.br\/portalpgms\/?p=1853"},"modified":"2019-12-04T14:37:41","modified_gmt":"2019-12-04T17:37:41","slug":"pgms-realiza-capacitacao-em-licitacoes-e-contratos-em-parceria-com-a-apms-e-semge","status":"publish","type":"post","link":"https:\/\/www.pgms.salvador.ba.gov.br\/portalpgms\/blog\/2019\/12\/04\/pgms-realiza-capacitacao-em-licitacoes-e-contratos-em-parceria-com-a-apms-e-semge\/","title":{"rendered":"PGMS realiza capacita\u00e7\u00e3o em licita\u00e7\u00f5es e contratos em parceria com a APMS e SEMGE"},"content":{"rendered":"<p>Na \u00faltima semana, a Procuradoria Geral do Munic\u00edpio do Salvador (PGMS), em parceria com a Associa\u00e7\u00e3o de Procuradores do Munic\u00edpio do Salvador (APMS) e a Secretaria Municipal de Gest\u00e3o (SEMGE), realizou o curso \u201cCapacita\u00e7\u00e3o b\u00e1sica em licita\u00e7\u00f5es e contratos\u201d. Voltado para os servidores que atuam em secretarias do munic\u00edpio com menor volume de licita\u00e7\u00e3o, o curso teve como palestrantes os procuradores Andr\u00e9 Freire, Catarina Veloso, Eduardo Teles, Matheus Galdino e Rafael Carrera. A advogada Fl\u00e1via Pamplona tamb\u00e9m fez parte do time de palestrantes.<\/p>\n<p>Para Andr\u00e9 Freire, conselheiro da APMS, o objetivo do curso foi capacitar os servidores que convivem com um menor fluxo de licita\u00e7\u00f5es. Estiveram presentes na iniciativa a procuradora geral do munic\u00edpio, Luciana Rodrigues; a vice-presidente da APMS, Lilian Almeida; a subsecret\u00e1ria de gest\u00e3o do munic\u00edpio e procuradora, Isabela Cabral. As procuradoras destacaram, na ocasi\u00e3o, a import\u00e2ncia de uma a\u00e7\u00e3o como essa para a gest\u00e3o municipal. \u201cEsse tipo de a\u00e7\u00e3o \u00e9 muito importante para qualquer administra\u00e7\u00e3o p\u00fablica que queira realizar uma boa gest\u00e3o de recursos com as contrata\u00e7\u00f5es de bens e servi\u00e7os. Capacitar sempre os servidores \u00e9 investir na qualidade t\u00e9cnica e no seu reconhecimento\u201d, disse a procuradora geral.<\/p>\n\n\t\t<style>\n\t\t\t#gallery-1 {\n\t\t\t\tmargin: auto;\n\t\t\t}\n\t\t\t#gallery-1 .gallery-item {\n\t\t\t\tfloat: left;\n\t\t\t\tmargin-top: 10px;\n\t\t\t\ttext-align: center;\n\t\t\t\twidth: 33%;\n\t\t\t}\n\t\t\t#gallery-1 img {\n\t\t\t\tborder: 2px solid #cfcfcf;\n\t\t\t}\n\t\t\t#gallery-1 .gallery-caption {\n\t\t\t\tmargin-left: 0;\n\t\t\t}\n\t\t\t\/* see gallery_shortcode() in wp-includes\/media.php *\/\n\t\t<\/style>\n\t\t<div id='gallery-1' class='gallery galleryid-1853 gallery-columns-3 gallery-size-thumbnail'><dl class='gallery-item'>\n\t\t\t<dt class='gallery-icon landscape'>\n\t\t\t\t<a href='https:\/\/www.pgms.salvador.ba.gov.br\/portalpgms\/blog\/2019\/12\/04\/pgms-realiza-capacitacao-em-licitacoes-e-contratos-em-parceria-com-a-apms-e-semge\/20191126_123244\/'><img loading=\"lazy\" decoding=\"async\" width=\"480\" height=\"360\" src=\"https:\/\/www.pgms.salvador.ba.gov.br\/portalpgms\/wp-content\/uploads\/2019\/12\/20191126_123244-480x360.jpg\" class=\"attachment-thumbnail size-thumbnail\" alt=\"\" srcset=\"https:\/\/www.pgms.salvador.ba.gov.br\/portalpgms\/wp-content\/uploads\/2019\/12\/20191126_123244-480x360.jpg 480w, https:\/\/www.pgms.salvador.ba.gov.br\/portalpgms\/wp-content\/uploads\/2019\/12\/20191126_123244-640x480.jpg 640w, https:\/\/www.pgms.salvador.ba.gov.br\/portalpgms\/wp-content\/uploads\/2019\/12\/20191126_123244-768x576.jpg 768w, https:\/\/www.pgms.salvador.ba.gov.br\/portalpgms\/wp-content\/uploads\/2019\/12\/20191126_123244.jpg 1024w, https:\/\/www.pgms.salvador.ba.gov.br\/portalpgms\/wp-content\/uploads\/2019\/12\/20191126_123244-800x600.jpg 800w\" sizes=\"auto, (max-width: 480px) 100vw, 480px\" \/><\/a>\n\t\t\t<\/dt><\/dl><dl class='gallery-item'>\n\t\t\t<dt class='gallery-icon landscape'>\n\t\t\t\t<a href='https:\/\/www.pgms.salvador.ba.gov.br\/portalpgms\/blog\/2019\/12\/04\/pgms-realiza-capacitacao-em-licitacoes-e-contratos-em-parceria-com-a-apms-e-semge\/img-20191126-wa0016\/'><img loading=\"lazy\" decoding=\"async\" width=\"480\" height=\"350\" src=\"https:\/\/www.pgms.salvador.ba.gov.br\/portalpgms\/wp-content\/uploads\/2019\/12\/IMG-20191126-WA0016-480x350.jpg\" class=\"attachment-thumbnail size-thumbnail\" alt=\"\" srcset=\"https:\/\/www.pgms.salvador.ba.gov.br\/portalpgms\/wp-content\/uploads\/2019\/12\/IMG-20191126-WA0016-480x350.jpg 480w, https:\/\/www.pgms.salvador.ba.gov.br\/portalpgms\/wp-content\/uploads\/2019\/12\/IMG-20191126-WA0016-640x467.jpg 640w, https:\/\/www.pgms.salvador.ba.gov.br\/portalpgms\/wp-content\/uploads\/2019\/12\/IMG-20191126-WA0016-768x560.jpg 768w, https:\/\/www.pgms.salvador.ba.gov.br\/portalpgms\/wp-content\/uploads\/2019\/12\/IMG-20191126-WA0016.jpg 1024w\" sizes=\"auto, (max-width: 480px) 100vw, 480px\" \/><\/a>\n\t\t\t<\/dt><\/dl><dl class='gallery-item'>\n\t\t\t<dt class='gallery-icon landscape'>\n\t\t\t\t<a href='https:\/\/www.pgms.salvador.ba.gov.br\/portalpgms\/blog\/2019\/12\/04\/pgms-realiza-capacitacao-em-licitacoes-e-contratos-em-parceria-com-a-apms-e-semge\/img-20191126-wa0028\/'><img loading=\"lazy\" decoding=\"async\" width=\"480\" height=\"330\" src=\"https:\/\/www.pgms.salvador.ba.gov.br\/portalpgms\/wp-content\/uploads\/2019\/12\/IMG-20191126-WA0028-480x330.jpg\" class=\"attachment-thumbnail size-thumbnail\" alt=\"\" srcset=\"https:\/\/www.pgms.salvador.ba.gov.br\/portalpgms\/wp-content\/uploads\/2019\/12\/IMG-20191126-WA0028-480x330.jpg 480w, https:\/\/www.pgms.salvador.ba.gov.br\/portalpgms\/wp-content\/uploads\/2019\/12\/IMG-20191126-WA0028-640x440.jpg 640w, https:\/\/www.pgms.salvador.ba.gov.br\/portalpgms\/wp-content\/uploads\/2019\/12\/IMG-20191126-WA0028-768x528.jpg 768w, https:\/\/www.pgms.salvador.ba.gov.br\/portalpgms\/wp-content\/uploads\/2019\/12\/IMG-20191126-WA0028.jpg 890w\" sizes=\"auto, (max-width: 480px) 100vw, 480px\" \/><\/a>\n\t\t\t<\/dt><\/dl><br style=\"clear: both\" \/><dl class='gallery-item'>\n\t\t\t<dt class='gallery-icon landscape'>\n\t\t\t\t<a href='https:\/\/www.pgms.salvador.ba.gov.br\/portalpgms\/blog\/2019\/12\/04\/pgms-realiza-capacitacao-em-licitacoes-e-contratos-em-parceria-com-a-apms-e-semge\/img-20191128-wa0048\/'><img loading=\"lazy\" decoding=\"async\" width=\"480\" height=\"360\" src=\"https:\/\/www.pgms.salvador.ba.gov.br\/portalpgms\/wp-content\/uploads\/2019\/12\/IMG-20191128-WA0048-480x360.jpg\" class=\"attachment-thumbnail size-thumbnail\" alt=\"\" srcset=\"https:\/\/www.pgms.salvador.ba.gov.br\/portalpgms\/wp-content\/uploads\/2019\/12\/IMG-20191128-WA0048-480x360.jpg 480w, https:\/\/www.pgms.salvador.ba.gov.br\/portalpgms\/wp-content\/uploads\/2019\/12\/IMG-20191128-WA0048-640x480.jpg 640w, https:\/\/www.pgms.salvador.ba.gov.br\/portalpgms\/wp-content\/uploads\/2019\/12\/IMG-20191128-WA0048-768x576.jpg 768w, https:\/\/www.pgms.salvador.ba.gov.br\/portalpgms\/wp-content\/uploads\/2019\/12\/IMG-20191128-WA0048.jpg 1024w, https:\/\/www.pgms.salvador.ba.gov.br\/portalpgms\/wp-content\/uploads\/2019\/12\/IMG-20191128-WA0048-800x600.jpg 800w\" sizes=\"auto, (max-width: 480px) 100vw, 480px\" \/><\/a>\n\t\t\t<\/dt><\/dl><dl class='gallery-item'>\n\t\t\t<dt class='gallery-icon landscape'>\n\t\t\t\t<a href='https:\/\/www.pgms.salvador.ba.gov.br\/portalpgms\/blog\/2019\/12\/04\/pgms-realiza-capacitacao-em-licitacoes-e-contratos-em-parceria-com-a-apms-e-semge\/img-20191128-wa0063\/'><img loading=\"lazy\" decoding=\"async\" width=\"480\" height=\"360\" src=\"https:\/\/www.pgms.salvador.ba.gov.br\/portalpgms\/wp-content\/uploads\/2019\/12\/IMG-20191128-WA0063-480x360.jpg\" class=\"attachment-thumbnail size-thumbnail\" alt=\"\" srcset=\"https:\/\/www.pgms.salvador.ba.gov.br\/portalpgms\/wp-content\/uploads\/2019\/12\/IMG-20191128-WA0063-480x360.jpg 480w, https:\/\/www.pgms.salvador.ba.gov.br\/portalpgms\/wp-content\/uploads\/2019\/12\/IMG-20191128-WA0063-640x480.jpg 640w, https:\/\/www.pgms.salvador.ba.gov.br\/portalpgms\/wp-content\/uploads\/2019\/12\/IMG-20191128-WA0063-768x576.jpg 768w, https:\/\/www.pgms.salvador.ba.gov.br\/portalpgms\/wp-content\/uploads\/2019\/12\/IMG-20191128-WA0063.jpg 1024w, https:\/\/www.pgms.salvador.ba.gov.br\/portalpgms\/wp-content\/uploads\/2019\/12\/IMG-20191128-WA0063-800x600.jpg 800w\" sizes=\"auto, (max-width: 480px) 100vw, 480px\" \/><\/a>\n\t\t\t<\/dt><\/dl>\n\t\t\t<br style='clear: both' \/>\n\t\t<\/div>\n\n","protected":false},"excerpt":{"rendered":"<p>Na \u00faltima semana, a Procuradoria Geral do Munic\u00edpio do Salvador (PGMS), em parceria com a Associa\u00e7\u00e3o de Procuradores do Munic\u00edpio do Salvador (APMS) e a Secretaria Municipal de Gest\u00e3o (SEMGE), realizou o curso \u201cCapacita\u00e7\u00e3o b\u00e1sica em licita\u00e7\u00f5es e contratos\u201d. Voltado para os servidores que atuam&#8230;<\/p>\n","protected":false},"author":11,"featured_media":1859,"comment_status":"open","ping_status":"open","sticky":false,"template":"","format":"standard","meta":{"footnotes":""},"categories":[363,65],"tags":[66],"class_list":["post-1853","post","type-post","status-publish","format-standard","has-post-thumbnail","hentry","category-capacitacao","category-cursos","tag-curso"],"_links":{"self":[{"href":"https:\/\/www.pgms.salvador.ba.gov.br\/portalpgms\/wp-json\/wp\/v2\/posts\/1853","targetHints":{"allow":["GET"]}}],"collection":[{"href":"https:\/\/www.pgms.salvador.ba.gov.br\/portalpgms\/wp-json\/wp\/v2\/posts"}],"about":[{"href":"https:\/\/www.pgms.salvador.ba.gov.br\/portalpgms\/wp-json\/wp\/v2\/types\/post"}],"author":[{"embeddable":true,"href":"https:\/\/www.pgms.salvador.ba.gov.br\/portalpgms\/wp-json\/wp\/v2\/users\/11"}],"replies":[{"embeddable":true,"href":"https:\/\/www.pgms.salvador.ba.gov.br\/portalpgms\/wp-json\/wp\/v2\/comments?post=1853"}],"version-history":[{"count":1,"href":"https:\/\/www.pgms.salvador.ba.gov.br\/portalpgms\/wp-json\/wp\/v2\/posts\/1853\/revisions"}],"predecessor-version":[{"id":1860,"href":"https:\/\/www.pgms.salvador.ba.gov.br\/portalpgms\/wp-json\/wp\/v2\/posts\/1853\/revisions\/1860"}],"wp:featuredmedia":[{"embeddable":true,"href":"https:\/\/www.pgms.salvador.ba.gov.br\/portalpgms\/wp-json\/wp\/v2\/media\/1859"}],"wp:attachment":[{"href":"https:\/\/www.pgms.salvador.ba.gov.br\/portalpgms\/wp-json\/wp\/v2\/media?parent=1853"}],"wp:term":[{"taxonomy":"category","embeddable":true,"href":"https:\/\/www.pgms.salvador.ba.gov.br\/portalpgms\/wp-json\/wp\/v2\/categories?post=1853"},{"taxonomy":"post_tag","embeddable":true,"href":"https:\/\/www.pgms.salvador.ba.gov.br\/portalpgms\/wp-json\/wp\/v2\/tags?post=1853"}],"curies":[{"name":"wp","href":"https:\/\/api.w.org\/{rel}","templated":true}]}}