{"id":1819,"date":"2019-09-02T16:37:27","date_gmt":"2019-09-02T19:37:27","guid":{"rendered":"https:\/\/www.pgms.salvador.ba.gov.br\/portalpgms\/?p=1819"},"modified":"2019-10-02T14:23:46","modified_gmt":"2019-10-02T17:23:46","slug":"curso-de-normas-basicas-do-processo-administrativo-e-ministrado-por-procuradores-do-municipio","status":"publish","type":"post","link":"https:\/\/www.pgms.salvador.ba.gov.br\/portalpgms\/blog\/2019\/09\/02\/curso-de-normas-basicas-do-processo-administrativo-e-ministrado-por-procuradores-do-municipio\/","title":{"rendered":"Curso de Normas B\u00e1sicas do Processo Administrativo \u00e9 ministrado por Procuradores do Munic\u00edpio"},"content":{"rendered":"<p>Procuradores do Munic\u00edpio do Salvador ministraram curso para servidores municipais na \u00faltima quinta-feira (29), no audit\u00f3rio da Secretaria Municipal de Gest\u00e3o (Semge). O curso teve o objetivo de ensinar aos presentes normas b\u00e1sicas do processo administrativo com foco na Lei Federal n\u00ba 9.784\/99. A atividade foi conduzida pelos Procuradores Andr\u00e9 Vaccarezza, Rafael Carrera, Daniel Madjalani e Jos\u00e9 Ant\u00f4nio Garrido.<\/p>\n<p>O Procurador do Munic\u00edpio Rafael Carrera fez a abertura da atividade. Durante o curso, os presentes foram qualificados sobre a instru\u00e7\u00e3o e constru\u00e7\u00e3o dos processos administrativos que tramitam na esfera municipal. De acordo com Carrera, embora federal, \u00e9 preciso fazer uma interpreta\u00e7\u00e3o sist\u00eamica do tema, visto que ela se aplica tamb\u00e9m em \u00e2mbito estadual e municipal naquilo que diz respeito \u00e0s normas gerais.<\/p>\n<p>Tamb\u00e9m estiveram presentes a Procuradora do Munic\u00edpio e subsecret\u00e1ria da Semge, Isabela Cabral, o diretor de Gest\u00e3o de Pessoas, Eduardo Merlin, o procurador e secret\u00e1rio do \u00f3rg\u00e3o, Thiago Dantas. \u201cN\u00f3s sentimos, tanto na Procuradoria quanto agora, na Gest\u00e3o, que havia uma car\u00eancia de transfer\u00eancia de conhecimento e eu acho que os Procuradores s\u00e3o o instrumento para fazer essa transfer\u00eancia\u201d, afirmou Isabela Cabral.<\/p>\n<p>\u201cA proposta aqui n\u00e3o \u00e9 apenas preparar os servidores no que diz respeito ao que \u00e9 o processo administrativo, quais s\u00e3o seus requisitos, quais s\u00e3o suas condicionantes, mas tamb\u00e9m, acredito importante, conseguir que essas pessoas que trabalham com os processos estejam motivadas e dispostas a realizar um trabalho cada vez melhor, acolhendo os processos e dando respostas mais c\u00e9leres\u201d, disse o Procurador Rafael Carrera.<\/p>\n\n\t\t<style>\n\t\t\t#gallery-1 {\n\t\t\t\tmargin: auto;\n\t\t\t}\n\t\t\t#gallery-1 .gallery-item {\n\t\t\t\tfloat: left;\n\t\t\t\tmargin-top: 10px;\n\t\t\t\ttext-align: center;\n\t\t\t\twidth: 33%;\n\t\t\t}\n\t\t\t#gallery-1 img {\n\t\t\t\tborder: 2px solid #cfcfcf;\n\t\t\t}\n\t\t\t#gallery-1 .gallery-caption {\n\t\t\t\tmargin-left: 0;\n\t\t\t}\n\t\t\t\/* see gallery_shortcode() in wp-includes\/media.php *\/\n\t\t<\/style>\n\t\t<div id='gallery-1' class='gallery galleryid-1819 gallery-columns-3 gallery-size-thumbnail'><dl class='gallery-item'>\n\t\t\t<dt class='gallery-icon landscape'>\n\t\t\t\t<a href='https:\/\/www.pgms.salvador.ba.gov.br\/portalpgms\/blog\/2019\/09\/02\/curso-de-normas-basicas-do-processo-administrativo-e-ministrado-por-procuradores-do-municipio\/foto_reproducao_02\/'><img loading=\"lazy\" decoding=\"async\" width=\"480\" height=\"307\" src=\"https:\/\/www.pgms.salvador.ba.gov.br\/portalpgms\/wp-content\/uploads\/2019\/10\/Foto_Reproducao_02-480x307.jpg\" class=\"attachment-thumbnail size-thumbnail\" alt=\"\" aria-describedby=\"gallery-1-1822\" srcset=\"https:\/\/www.pgms.salvador.ba.gov.br\/portalpgms\/wp-content\/uploads\/2019\/10\/Foto_Reproducao_02-480x307.jpg 480w, https:\/\/www.pgms.salvador.ba.gov.br\/portalpgms\/wp-content\/uploads\/2019\/10\/Foto_Reproducao_02-640x409.jpg 640w, https:\/\/www.pgms.salvador.ba.gov.br\/portalpgms\/wp-content\/uploads\/2019\/10\/Foto_Reproducao_02-768x491.jpg 768w, https:\/\/www.pgms.salvador.ba.gov.br\/portalpgms\/wp-content\/uploads\/2019\/10\/Foto_Reproducao_02.jpg 799w\" sizes=\"auto, (max-width: 480px) 100vw, 480px\" \/><\/a>\n\t\t\t<\/dt>\n\t\t\t\t<dd class='wp-caption-text gallery-caption' id='gallery-1-1822'>\n\t\t\t\tFoto: Reprodu\u00e7\u00e3o\n\t\t\t\t<\/dd><\/dl><dl class='gallery-item'>\n\t\t\t<dt class='gallery-icon landscape'>\n\t\t\t\t<a href='https:\/\/www.pgms.salvador.ba.gov.br\/portalpgms\/blog\/2019\/09\/02\/curso-de-normas-basicas-do-processo-administrativo-e-ministrado-por-procuradores-do-municipio\/foto_reproducao\/'><img loading=\"lazy\" decoding=\"async\" width=\"480\" height=\"360\" src=\"https:\/\/www.pgms.salvador.ba.gov.br\/portalpgms\/wp-content\/uploads\/2019\/10\/Foto_Reproducao-480x360.jpg\" class=\"attachment-thumbnail size-thumbnail\" alt=\"\" aria-describedby=\"gallery-1-1820\" srcset=\"https:\/\/www.pgms.salvador.ba.gov.br\/portalpgms\/wp-content\/uploads\/2019\/10\/Foto_Reproducao-480x360.jpg 480w, https:\/\/www.pgms.salvador.ba.gov.br\/portalpgms\/wp-content\/uploads\/2019\/10\/Foto_Reproducao-640x480.jpg 640w, https:\/\/www.pgms.salvador.ba.gov.br\/portalpgms\/wp-content\/uploads\/2019\/10\/Foto_Reproducao-768x576.jpg 768w, https:\/\/www.pgms.salvador.ba.gov.br\/portalpgms\/wp-content\/uploads\/2019\/10\/Foto_Reproducao-1024x768.jpg 1024w, https:\/\/www.pgms.salvador.ba.gov.br\/portalpgms\/wp-content\/uploads\/2019\/10\/Foto_Reproducao-800x600.jpg 800w, https:\/\/www.pgms.salvador.ba.gov.br\/portalpgms\/wp-content\/uploads\/2019\/10\/Foto_Reproducao.jpg 1280w\" sizes=\"auto, (max-width: 480px) 100vw, 480px\" \/><\/a>\n\t\t\t<\/dt>\n\t\t\t\t<dd class='wp-caption-text gallery-caption' id='gallery-1-1820'>\n\t\t\t\tIsabela Cabral, Thiago Dantas, Rafael Carrera e Eduardo Merlin | Foto: Reprodu\u00e7\u00e3o\n\t\t\t\t<\/dd><\/dl><dl class='gallery-item'>\n\t\t\t<dt class='gallery-icon landscape'>\n\t\t\t\t<a href='https:\/\/www.pgms.salvador.ba.gov.br\/portalpgms\/blog\/2019\/09\/02\/curso-de-normas-basicas-do-processo-administrativo-e-ministrado-por-procuradores-do-municipio\/foto_reproducao_01\/'><img loading=\"lazy\" decoding=\"async\" width=\"480\" height=\"270\" src=\"https:\/\/www.pgms.salvador.ba.gov.br\/portalpgms\/wp-content\/uploads\/2019\/10\/Foto_Reproducao_01-480x270.jpg\" class=\"attachment-thumbnail size-thumbnail\" alt=\"\" aria-describedby=\"gallery-1-1821\" srcset=\"https:\/\/www.pgms.salvador.ba.gov.br\/portalpgms\/wp-content\/uploads\/2019\/10\/Foto_Reproducao_01-480x270.jpg 480w, https:\/\/www.pgms.salvador.ba.gov.br\/portalpgms\/wp-content\/uploads\/2019\/10\/Foto_Reproducao_01-640x360.jpg 640w, https:\/\/www.pgms.salvador.ba.gov.br\/portalpgms\/wp-content\/uploads\/2019\/10\/Foto_Reproducao_01-768x432.jpg 768w, https:\/\/www.pgms.salvador.ba.gov.br\/portalpgms\/wp-content\/uploads\/2019\/10\/Foto_Reproducao_01-1024x576.jpg 1024w, https:\/\/www.pgms.salvador.ba.gov.br\/portalpgms\/wp-content\/uploads\/2019\/10\/Foto_Reproducao_01.jpg 1032w\" sizes=\"auto, (max-width: 480px) 100vw, 480px\" \/><\/a>\n\t\t\t<\/dt>\n\t\t\t\t<dd class='wp-caption-text gallery-caption' id='gallery-1-1821'>\n\t\t\t\tProcuradores do Munic\u00edpio Andr\u00e9 Vacarezza, Isabela Cabral e Rafael Carrera| Foto: Repreodu\u00e7\u00e3o\n\t\t\t\t<\/dd><\/dl><br style=\"clear: both\" \/>\n\t\t<\/div>\n\n","protected":false},"excerpt":{"rendered":"<p>Procuradores do Munic\u00edpio do Salvador ministraram curso para servidores municipais na \u00faltima quinta-feira (29), no audit\u00f3rio da Secretaria Municipal de Gest\u00e3o (Semge). O curso teve o objetivo de ensinar aos presentes normas b\u00e1sicas do processo administrativo com foco na Lei Federal n\u00ba 9.784\/99. A atividade&#8230;<\/p>\n","protected":false},"author":6,"featured_media":1824,"comment_status":"open","ping_status":"open","sticky":false,"template":"","format":"standard","meta":{"footnotes":""},"categories":[65],"tags":[66,368],"class_list":["post-1819","post","type-post","status-publish","format-standard","has-post-thumbnail","hentry","category-cursos","tag-curso","tag-normas-basicas"],"_links":{"self":[{"href":"https:\/\/www.pgms.salvador.ba.gov.br\/portalpgms\/wp-json\/wp\/v2\/posts\/1819","targetHints":{"allow":["GET"]}}],"collection":[{"href":"https:\/\/www.pgms.salvador.ba.gov.br\/portalpgms\/wp-json\/wp\/v2\/posts"}],"about":[{"href":"https:\/\/www.pgms.salvador.ba.gov.br\/portalpgms\/wp-json\/wp\/v2\/types\/post"}],"author":[{"embeddable":true,"href":"https:\/\/www.pgms.salvador.ba.gov.br\/portalpgms\/wp-json\/wp\/v2\/users\/6"}],"replies":[{"embeddable":true,"href":"https:\/\/www.pgms.salvador.ba.gov.br\/portalpgms\/wp-json\/wp\/v2\/comments?post=1819"}],"version-history":[{"count":2,"href":"https:\/\/www.pgms.salvador.ba.gov.br\/portalpgms\/wp-json\/wp\/v2\/posts\/1819\/revisions"}],"predecessor-version":[{"id":1827,"href":"https:\/\/www.pgms.salvador.ba.gov.br\/portalpgms\/wp-json\/wp\/v2\/posts\/1819\/revisions\/1827"}],"wp:featuredmedia":[{"embeddable":true,"href":"https:\/\/www.pgms.salvador.ba.gov.br\/portalpgms\/wp-json\/wp\/v2\/media\/1824"}],"wp:attachment":[{"href":"https:\/\/www.pgms.salvador.ba.gov.br\/portalpgms\/wp-json\/wp\/v2\/media?parent=1819"}],"wp:term":[{"taxonomy":"category","embeddable":true,"href":"https:\/\/www.pgms.salvador.ba.gov.br\/portalpgms\/wp-json\/wp\/v2\/categories?post=1819"},{"taxonomy":"post_tag","embeddable":true,"href":"https:\/\/www.pgms.salvador.ba.gov.br\/portalpgms\/wp-json\/wp\/v2\/tags?post=1819"}],"curies":[{"name":"wp","href":"https:\/\/api.w.org\/{rel}","templated":true}]}}