{"id":1678,"date":"2019-08-08T10:23:46","date_gmt":"2019-08-08T13:23:46","guid":{"rendered":"https:\/\/www.pgms.salvador.ba.gov.br\/portalpgms\/?p=1678"},"modified":"2019-09-19T16:27:27","modified_gmt":"2019-09-19T19:27:27","slug":"corep-se-reune-com-entidades-filantropicas-em-prol-de-acoes-sociais","status":"publish","type":"post","link":"https:\/\/www.pgms.salvador.ba.gov.br\/portalpgms\/blog\/2019\/08\/08\/corep-se-reune-com-entidades-filantropicas-em-prol-de-acoes-sociais\/","title":{"rendered":"COREP se re\u00fane com entidades filantr\u00f3picas em prol de a\u00e7\u00f5es sociais"},"content":{"rendered":"<p>Os Procuradores da Coordenadoria das Representa\u00e7\u00f5es (COREP), uma das coordena\u00e7\u00f5es da Procuradoria Geral do Munic\u00edpio do Salvador (PGMS), reuniram-se com representantes da Secretaria Municipal de Pol\u00edticas para Mulheres, Inf\u00e2ncia e Juventude (SPMJ) e da entidade filantr\u00f3pica Sons do Bem (Organiza\u00e7\u00e3o da Sociedade Civil de Interesse P\u00fablico &#8211; OSCIP). O encontro foi parte do conjunto de a\u00e7\u00f5es promovido pela COREP junto a diversas organiza\u00e7\u00f5es de atua\u00e7\u00e3o social sem fins lucrativos, para viabilizar a formata\u00e7\u00e3o de procedimentos que ensejem o financiamento p\u00fablico de projetos de grande relev\u00e2ncia coletiva em \u00e1reas vulner\u00e1veis.<\/p>\n<p>A a\u00e7\u00e3o atender\u00e1 80 crian\u00e7as e adolescentes, entre 05 e 18 anos, que est\u00e3o em situa\u00e7\u00e3o de vulnerabilidade social e contribuir\u00e1 para a forma\u00e7\u00e3o cultural, lazer, al\u00e9m de afastar da criminalidade, do consumo de \u00e1lcool e outras drogas e favorecer a comunidade onde residem. Segundo a Procuradora Coordenadora das Representa\u00e7\u00f5es, Dra. Lilian Azevedo, \u201cessa iniciativa da COREP, portanto, traduz uma atua\u00e7\u00e3o proativa no alinhamento do Munic\u00edpio com o Terceiro Setor, para gerar impacto de transforma\u00e7\u00e3o social para a popula\u00e7\u00e3o\u201d, disse.<\/p>\n<p>&nbsp;<\/p>\n\n\t\t<style>\n\t\t\t#gallery-1 {\n\t\t\t\tmargin: auto;\n\t\t\t}\n\t\t\t#gallery-1 .gallery-item {\n\t\t\t\tfloat: left;\n\t\t\t\tmargin-top: 10px;\n\t\t\t\ttext-align: center;\n\t\t\t\twidth: 50%;\n\t\t\t}\n\t\t\t#gallery-1 img {\n\t\t\t\tborder: 2px solid #cfcfcf;\n\t\t\t}\n\t\t\t#gallery-1 .gallery-caption {\n\t\t\t\tmargin-left: 0;\n\t\t\t}\n\t\t\t\/* see gallery_shortcode() in wp-includes\/media.php *\/\n\t\t<\/style>\n\t\t<div id='gallery-1' class='gallery galleryid-1678 gallery-columns-2 gallery-size-thumbnail'><dl class='gallery-item'>\n\t\t\t<dt class='gallery-icon landscape'>\n\t\t\t\t<img loading=\"lazy\" decoding=\"async\" width=\"480\" height=\"386\" src=\"https:\/\/www.pgms.salvador.ba.gov.br\/portalpgms\/wp-content\/uploads\/2019\/08\/WhatsApp-Image-2019-08-07-at-14.13.07-1-e1565270519649-480x386.jpeg\" class=\"attachment-thumbnail size-thumbnail\" alt=\"\" aria-describedby=\"gallery-1-1679\" srcset=\"https:\/\/www.pgms.salvador.ba.gov.br\/portalpgms\/wp-content\/uploads\/2019\/08\/WhatsApp-Image-2019-08-07-at-14.13.07-1-e1565270519649-480x386.jpeg 480w, https:\/\/www.pgms.salvador.ba.gov.br\/portalpgms\/wp-content\/uploads\/2019\/08\/WhatsApp-Image-2019-08-07-at-14.13.07-1-e1565270519649-640x515.jpeg 640w, https:\/\/www.pgms.salvador.ba.gov.br\/portalpgms\/wp-content\/uploads\/2019\/08\/WhatsApp-Image-2019-08-07-at-14.13.07-1-e1565270519649-768x617.jpeg 768w, https:\/\/www.pgms.salvador.ba.gov.br\/portalpgms\/wp-content\/uploads\/2019\/08\/WhatsApp-Image-2019-08-07-at-14.13.07-1-e1565270519649.jpeg 954w\" sizes=\"auto, (max-width: 480px) 100vw, 480px\" \/>\n\t\t\t<\/dt>\n\t\t\t\t<dd class='wp-caption-text gallery-caption' id='gallery-1-1679'>\n\t\t\t\tFoto: Reprodu\u00e7\u00e3o\n\t\t\t\t<\/dd><\/dl>\n\t\t\t<br style='clear: both' \/>\n\t\t<\/div>\n\n","protected":false},"excerpt":{"rendered":"<p>Os Procuradores da Coordenadoria das Representa\u00e7\u00f5es (COREP), uma das coordena\u00e7\u00f5es da Procuradoria Geral do Munic\u00edpio do Salvador (PGMS), reuniram-se com representantes da Secretaria Municipal de Pol\u00edticas para Mulheres, Inf\u00e2ncia e Juventude (SPMJ) e da entidade filantr\u00f3pica Sons do Bem (Organiza\u00e7\u00e3o da Sociedade Civil de Interesse&#8230;<\/p>\n","protected":false},"author":1,"featured_media":1686,"comment_status":"open","ping_status":"open","sticky":false,"template":"","format":"standard","meta":{"footnotes":""},"categories":[360],"tags":[],"class_list":["post-1678","post","type-post","status-publish","format-standard","has-post-thumbnail","hentry","category-acoes-sociais"],"_links":{"self":[{"href":"https:\/\/www.pgms.salvador.ba.gov.br\/portalpgms\/wp-json\/wp\/v2\/posts\/1678","targetHints":{"allow":["GET"]}}],"collection":[{"href":"https:\/\/www.pgms.salvador.ba.gov.br\/portalpgms\/wp-json\/wp\/v2\/posts"}],"about":[{"href":"https:\/\/www.pgms.salvador.ba.gov.br\/portalpgms\/wp-json\/wp\/v2\/types\/post"}],"author":[{"embeddable":true,"href":"https:\/\/www.pgms.salvador.ba.gov.br\/portalpgms\/wp-json\/wp\/v2\/users\/1"}],"replies":[{"embeddable":true,"href":"https:\/\/www.pgms.salvador.ba.gov.br\/portalpgms\/wp-json\/wp\/v2\/comments?post=1678"}],"version-history":[{"count":4,"href":"https:\/\/www.pgms.salvador.ba.gov.br\/portalpgms\/wp-json\/wp\/v2\/posts\/1678\/revisions"}],"predecessor-version":[{"id":1812,"href":"https:\/\/www.pgms.salvador.ba.gov.br\/portalpgms\/wp-json\/wp\/v2\/posts\/1678\/revisions\/1812"}],"wp:featuredmedia":[{"embeddable":true,"href":"https:\/\/www.pgms.salvador.ba.gov.br\/portalpgms\/wp-json\/wp\/v2\/media\/1686"}],"wp:attachment":[{"href":"https:\/\/www.pgms.salvador.ba.gov.br\/portalpgms\/wp-json\/wp\/v2\/media?parent=1678"}],"wp:term":[{"taxonomy":"category","embeddable":true,"href":"https:\/\/www.pgms.salvador.ba.gov.br\/portalpgms\/wp-json\/wp\/v2\/categories?post=1678"},{"taxonomy":"post_tag","embeddable":true,"href":"https:\/\/www.pgms.salvador.ba.gov.br\/portalpgms\/wp-json\/wp\/v2\/tags?post=1678"}],"curies":[{"name":"wp","href":"https:\/\/api.w.org\/{rel}","templated":true}]}}