{"id":1595,"date":"2019-04-09T13:55:39","date_gmt":"2019-04-09T16:55:39","guid":{"rendered":"https:\/\/www.pgms.salvador.ba.gov.br\/portalpgms\/?p=1595"},"modified":"2019-04-16T17:25:09","modified_gmt":"2019-04-16T20:25:09","slug":"estagiarios-da-pgms-participam-de-ultimo-dia-do-minicurso-escrever-direito","status":"publish","type":"post","link":"https:\/\/www.pgms.salvador.ba.gov.br\/portalpgms\/blog\/2019\/04\/09\/estagiarios-da-pgms-participam-de-ultimo-dia-do-minicurso-escrever-direito\/","title":{"rendered":"Estagi\u00e1rios da PGMS participam de \u00faltimo dia do minicurso Escrever Direito"},"content":{"rendered":"<p style=\"font-weight: 400;\">Nesta\u00a0segunda-feira (08), estagi\u00e1rios do \u00f3rg\u00e3o da Procuradoria Geral do Munic\u00edpio do Salvador (PGMS) participaram da \u00faltima aula do minicurso Escrever \u201cDireito\u201d: coer\u00eancia, coes\u00e3o e corre\u00e7\u00e3o na escrita formal. A atividade aconteceu no audit\u00f3rio da Associa\u00e7\u00e3o dos Procuradores do Munic\u00edpio do Salvados (APMS).<\/p>\n<div id=\"attachment_1596\" style=\"width: 650px\" class=\"wp-caption aligncenter\"><a href=\"https:\/\/www.pgms.salvador.ba.gov.br\/portalpgms\/blog\/2019\/04\/16\/estagiarios-da-pgms-participam-de-ultimo-dia-do-minicurso-escrever-direito\/escrever_direito\/\" rel=\"attachment wp-att-1596\"><img loading=\"lazy\" decoding=\"async\" aria-describedby=\"caption-attachment-1596\" class=\"size-medium wp-image-1596\" src=\"https:\/\/www.pgms.salvador.ba.gov.br\/portalpgms\/wp-content\/uploads\/2019\/04\/Escrever_Direito-640x480.jpeg\" alt=\"\" width=\"640\" height=\"480\" \/><\/a><p id=\"caption-attachment-1596\" class=\"wp-caption-text\">Estagi\u00e1rios da PGMS participam de minicurso Escrever &#8220;Direito&#8221;: coer\u00eancia, coes\u00e3o e corre\u00e7\u00e3o na escrita formal | Foto: Pryscila Brito<\/p><\/div>\n<p style=\"font-weight: 400;\">Durante o minicurso, a professora Ana Maria de Carvalho Luz trouxe diversos exemplos para os alunos. &#8220;O curso foi extremamente importante pois agrega em nossa vida profissional e pessoal e ainda proporcionou o aprendizado de palavras novas. Espero que tenhamos oportunidade para novos cursos&#8221;, disse a estagi\u00e1ria Mizia Duarte.<\/p>\n<p style=\"font-weight: 400;\">Por meio das aulas interativas e de exerc\u00edcios, os estudantes puderam aprender e relembrar algumas regras como concord\u00e2ncia verbal e nominal, reg\u00eancia, acentua\u00e7\u00e3o gr\u00e1fica, ortografia e pontua\u00e7\u00e3o. &#8220;A escrita \u00e9 o nosso objeto de trabalho e temos que nos adequar \u00e0 essa forma e a metodologia foi abordada de forma din\u00e2mica&#8221;, disse a estagi\u00e1ria Taiana Ara\u00fajo.<\/p>\n<div id=\"attachment_1597\" style=\"width: 650px\" class=\"wp-caption aligncenter\"><a href=\"https:\/\/www.pgms.salvador.ba.gov.br\/portalpgms\/blog\/2019\/04\/16\/estagiarios-da-pgms-participam-de-ultimo-dia-do-minicurso-escrever-direito\/img_20190408_161513864_hdr\/\" rel=\"attachment wp-att-1597\"><img loading=\"lazy\" decoding=\"async\" aria-describedby=\"caption-attachment-1597\" class=\"size-medium wp-image-1597\" src=\"https:\/\/www.pgms.salvador.ba.gov.br\/portalpgms\/wp-content\/uploads\/2019\/04\/IMG_20190408_161513864_HDR-640x239.jpg\" alt=\"\" width=\"640\" height=\"239\" srcset=\"https:\/\/www.pgms.salvador.ba.gov.br\/portalpgms\/wp-content\/uploads\/2019\/04\/IMG_20190408_161513864_HDR-640x239.jpg 640w, https:\/\/www.pgms.salvador.ba.gov.br\/portalpgms\/wp-content\/uploads\/2019\/04\/IMG_20190408_161513864_HDR-480x179.jpg 480w, https:\/\/www.pgms.salvador.ba.gov.br\/portalpgms\/wp-content\/uploads\/2019\/04\/IMG_20190408_161513864_HDR-768x287.jpg 768w, https:\/\/www.pgms.salvador.ba.gov.br\/portalpgms\/wp-content\/uploads\/2019\/04\/IMG_20190408_161513864_HDR-1024x382.jpg 1024w\" sizes=\"auto, (max-width: 640px) 100vw, 640px\" \/><\/a><p id=\"caption-attachment-1597\" class=\"wp-caption-text\">Estagi\u00e1rios da PGMS participam de minicurso Escrever &#8220;Direito&#8221;: coer\u00eancia, coes\u00e3o e corre\u00e7\u00e3o na escrita formal | Foto: Pryscila Brito<\/p><\/div>\n<div id=\"attachment_1598\" style=\"width: 650px\" class=\"wp-caption aligncenter\"><a href=\"https:\/\/www.pgms.salvador.ba.gov.br\/portalpgms\/blog\/2019\/04\/16\/estagiarios-da-pgms-participam-de-ultimo-dia-do-minicurso-escrever-direito\/img_20190408_164036708_hdr\/\" rel=\"attachment wp-att-1598\"><img loading=\"lazy\" decoding=\"async\" aria-describedby=\"caption-attachment-1598\" class=\"size-medium wp-image-1598\" src=\"https:\/\/www.pgms.salvador.ba.gov.br\/portalpgms\/wp-content\/uploads\/2019\/04\/IMG_20190408_164036708_HDR-640x401.jpg\" alt=\"\" width=\"640\" height=\"401\" srcset=\"https:\/\/www.pgms.salvador.ba.gov.br\/portalpgms\/wp-content\/uploads\/2019\/04\/IMG_20190408_164036708_HDR-640x401.jpg 640w, https:\/\/www.pgms.salvador.ba.gov.br\/portalpgms\/wp-content\/uploads\/2019\/04\/IMG_20190408_164036708_HDR-480x301.jpg 480w, https:\/\/www.pgms.salvador.ba.gov.br\/portalpgms\/wp-content\/uploads\/2019\/04\/IMG_20190408_164036708_HDR-768x482.jpg 768w, https:\/\/www.pgms.salvador.ba.gov.br\/portalpgms\/wp-content\/uploads\/2019\/04\/IMG_20190408_164036708_HDR-1024x642.jpg 1024w\" sizes=\"auto, (max-width: 640px) 100vw, 640px\" \/><\/a><p id=\"caption-attachment-1598\" class=\"wp-caption-text\">Estagi\u00e1rios da PGMS participam de minicurso Escrever &#8220;Direito&#8221;: coer\u00eancia, coes\u00e3o e corre\u00e7\u00e3o na escrita formal | Foto: Pryscila Brito<\/p><\/div>\n","protected":false},"excerpt":{"rendered":"<p>Nesta\u00a0segunda-feira (08), estagi\u00e1rios do \u00f3rg\u00e3o da Procuradoria Geral do Munic\u00edpio do Salvador (PGMS) participaram da \u00faltima aula do minicurso Escrever \u201cDireito\u201d: coer\u00eancia, coes\u00e3o e corre\u00e7\u00e3o na escrita formal. A atividade aconteceu no audit\u00f3rio da Associa\u00e7\u00e3o dos Procuradores do Munic\u00edpio do Salvados (APMS). Durante o minicurso,&#8230;<\/p>\n","protected":false},"author":6,"featured_media":1596,"comment_status":"open","ping_status":"open","sticky":false,"template":"","format":"standard","meta":{"footnotes":""},"categories":[65],"tags":[66,308,350],"class_list":["post-1595","post","type-post","status-publish","format-standard","has-post-thumbnail","hentry","category-cursos","tag-curso","tag-direito","tag-estagiarios"],"_links":{"self":[{"href":"https:\/\/www.pgms.salvador.ba.gov.br\/portalpgms\/wp-json\/wp\/v2\/posts\/1595","targetHints":{"allow":["GET"]}}],"collection":[{"href":"https:\/\/www.pgms.salvador.ba.gov.br\/portalpgms\/wp-json\/wp\/v2\/posts"}],"about":[{"href":"https:\/\/www.pgms.salvador.ba.gov.br\/portalpgms\/wp-json\/wp\/v2\/types\/post"}],"author":[{"embeddable":true,"href":"https:\/\/www.pgms.salvador.ba.gov.br\/portalpgms\/wp-json\/wp\/v2\/users\/6"}],"replies":[{"embeddable":true,"href":"https:\/\/www.pgms.salvador.ba.gov.br\/portalpgms\/wp-json\/wp\/v2\/comments?post=1595"}],"version-history":[{"count":6,"href":"https:\/\/www.pgms.salvador.ba.gov.br\/portalpgms\/wp-json\/wp\/v2\/posts\/1595\/revisions"}],"predecessor-version":[{"id":1613,"href":"https:\/\/www.pgms.salvador.ba.gov.br\/portalpgms\/wp-json\/wp\/v2\/posts\/1595\/revisions\/1613"}],"wp:featuredmedia":[{"embeddable":true,"href":"https:\/\/www.pgms.salvador.ba.gov.br\/portalpgms\/wp-json\/wp\/v2\/media\/1596"}],"wp:attachment":[{"href":"https:\/\/www.pgms.salvador.ba.gov.br\/portalpgms\/wp-json\/wp\/v2\/media?parent=1595"}],"wp:term":[{"taxonomy":"category","embeddable":true,"href":"https:\/\/www.pgms.salvador.ba.gov.br\/portalpgms\/wp-json\/wp\/v2\/categories?post=1595"},{"taxonomy":"post_tag","embeddable":true,"href":"https:\/\/www.pgms.salvador.ba.gov.br\/portalpgms\/wp-json\/wp\/v2\/tags?post=1595"}],"curies":[{"name":"wp","href":"https:\/\/api.w.org\/{rel}","templated":true}]}}