{"id":1440,"date":"2019-01-16T16:27:48","date_gmt":"2019-01-16T19:27:48","guid":{"rendered":"https:\/\/www.pgms.salvador.ba.gov.br\/portalpgms\/?p=1440"},"modified":"2019-01-16T16:28:37","modified_gmt":"2019-01-16T19:28:37","slug":"revista-brasileira-de-direito-municipal-recebe-artigos-para-edicao-no-71-ate-11-2","status":"publish","type":"post","link":"https:\/\/www.pgms.salvador.ba.gov.br\/portalpgms\/blog\/2019\/01\/16\/revista-brasileira-de-direito-municipal-recebe-artigos-para-edicao-no-71-ate-11-2\/","title":{"rendered":"Revista Brasileira de Direito Municipal recebe artigos para edi\u00e7\u00e3o n\u00ba 71 at\u00e9 11\/2"},"content":{"rendered":"<p>Uma parceria entre a Escola Superior de Direito Municipal (ESDM) com a Editora F\u00f3rum abriram um edital at\u00e9 o dia 11 de fevereiro, com o objetivo de receberem artigos para compor a edi\u00e7\u00e3o de n\u00ba71 da Revista Brasileira de Direito Municipal, que ser\u00e1 publicada no m\u00eas de mar\u00e7o.<\/p>\n<p>Segundo a editora, a revista &#8220;\u00e9 um espa\u00e7o sistematizado para o desenvolvimento de uma dogm\u00e1tica do direito municipal constitucionalizado, das pol\u00edticas p\u00fablicas para a concretiza\u00e7\u00e3o destes direitos, dos avan\u00e7os e limites da federa\u00e7\u00e3o democr\u00e1tica brasileira, dos problemas federativos decorrentes das estruturas das compet\u00eancias, dos desafios para a gest\u00e3o p\u00fablica&#8221;.<\/p>\n<p>Os artigos devem conter temas relacionados ao editorial e podem ser enviados em ingl\u00eas, espanhol, italiano. J\u00e1 em portugu\u00eas, deve estar de acordo com as normas ortogr\u00e1ficas da L\u00edngua Portuguesa de 1\u00ba de janeiro de 2009. O envio dos artigos s\u00e3o at\u00e9 11 de fevereiro para o endere\u00e7o de e-mail conselhorevistas@editoraforum.com.br.<\/p>\n<p>Mais informa\u00e7\u00f5es voc\u00ea encontra no <a href=\"http:\/\/www.esdm.com.br\/assets\/uploads\/2018\/08\/Normas_RBDM.PDF\">edital<\/a>.<\/p>\n","protected":false},"excerpt":{"rendered":"<p>Uma parceria entre a Escola Superior de Direito Municipal (ESDM) com a Editora F\u00f3rum abriram um edital at\u00e9 o dia 11 de fevereiro, com o objetivo de receberem artigos para compor a edi\u00e7\u00e3o de n\u00ba71 da Revista Brasileira de Direito Municipal, que ser\u00e1 publicada no&#8230;<\/p>\n","protected":false},"author":6,"featured_media":1441,"comment_status":"open","ping_status":"open","sticky":false,"template":"","format":"standard","meta":{"footnotes":""},"categories":[307],"tags":[308,201,122],"class_list":["post-1440","post","type-post","status-publish","format-standard","has-post-thumbnail","hentry","category-direito-municipal","tag-direito","tag-municipal","tag-revista"],"_links":{"self":[{"href":"https:\/\/www.pgms.salvador.ba.gov.br\/portalpgms\/wp-json\/wp\/v2\/posts\/1440","targetHints":{"allow":["GET"]}}],"collection":[{"href":"https:\/\/www.pgms.salvador.ba.gov.br\/portalpgms\/wp-json\/wp\/v2\/posts"}],"about":[{"href":"https:\/\/www.pgms.salvador.ba.gov.br\/portalpgms\/wp-json\/wp\/v2\/types\/post"}],"author":[{"embeddable":true,"href":"https:\/\/www.pgms.salvador.ba.gov.br\/portalpgms\/wp-json\/wp\/v2\/users\/6"}],"replies":[{"embeddable":true,"href":"https:\/\/www.pgms.salvador.ba.gov.br\/portalpgms\/wp-json\/wp\/v2\/comments?post=1440"}],"version-history":[{"count":3,"href":"https:\/\/www.pgms.salvador.ba.gov.br\/portalpgms\/wp-json\/wp\/v2\/posts\/1440\/revisions"}],"predecessor-version":[{"id":1444,"href":"https:\/\/www.pgms.salvador.ba.gov.br\/portalpgms\/wp-json\/wp\/v2\/posts\/1440\/revisions\/1444"}],"wp:featuredmedia":[{"embeddable":true,"href":"https:\/\/www.pgms.salvador.ba.gov.br\/portalpgms\/wp-json\/wp\/v2\/media\/1441"}],"wp:attachment":[{"href":"https:\/\/www.pgms.salvador.ba.gov.br\/portalpgms\/wp-json\/wp\/v2\/media?parent=1440"}],"wp:term":[{"taxonomy":"category","embeddable":true,"href":"https:\/\/www.pgms.salvador.ba.gov.br\/portalpgms\/wp-json\/wp\/v2\/categories?post=1440"},{"taxonomy":"post_tag","embeddable":true,"href":"https:\/\/www.pgms.salvador.ba.gov.br\/portalpgms\/wp-json\/wp\/v2\/tags?post=1440"}],"curies":[{"name":"wp","href":"https:\/\/api.w.org\/{rel}","templated":true}]}}